{"id":961,"date":"2012-10-31T15:34:28","date_gmt":"2012-10-31T19:34:28","guid":{"rendered":"https:\/\/logoslight.wordpress.com\/?p=961"},"modified":"2012-10-31T15:34:28","modified_gmt":"2012-10-31T19:34:28","slug":"el-temor-y-el-miedo","status":"publish","type":"post","link":"https:\/\/luzenlapalabra.org\/?p=961","title":{"rendered":"El Temor y el Miedo"},"content":{"rendered":"<p><img loading=\"lazy\" decoding=\"async\" class=\"alignnone size-full wp-image-2216\" src=\"https:\/\/logoslight.files.wordpress.com\/2012\/10\/jesus-walks-on-water.jpg\" alt=\"jesus-walks-on-water\" width=\"820\" height=\"461\" \/><\/p>\n<p><span style=\"color:#800000;\"><strong> Mas a la cuarta vigilia de la noche, Jes\u00fas vino a ellos andando sobre el mar. Y los disc\u00edpulos, vi\u00e9ndole andar sobre el mar, se turbaron, diciendo: \u00a1Un fantasma! Y dieron voces de miedo. Pero en seguida Jes\u00fas les habl\u00f3, diciendo: \u00a1Tened \u00e1nimo; yo soy, no tem\u00e1is! (San Mateo 14:25-27).<\/strong><\/span><\/p>\n<p>Hay muchos tipos de temores en la vida, pero algo que todos tienen en comun es que se manifiestan cuando se percibe que un peligro o amenaza viene contra nosotros. Esto quiere decir que el temor tiene una funci\u00f3n positiva en el ser humano. El temor sirve de alarma para ayudarnos a preservar \u00a0y cuidar nuestras vidas.<\/p>\n<p>Ahora bien, cuando esta emoci\u00f3n se sale del proposito por el cual Dios la cre\u00f3, podemos caer en una atadura espiritual que nos impide disfrutar la vida y no nos deja avanzar hacia la voluntad de Dios para nosotros.<\/p>\n<p>El temor es aceptable solo cuando cumple la funci\u00f3n para la cual fue creado. Esta emoci\u00f3n debe simplemente advertirnos del mal que amenaza nuestras vidas. Por ejemplo, cuando vemos que se acerca una tormenta como el Hurac\u00e1n Sandy (que fue devastador en el \u00e1rea metropolitana de New York y New Jersey), es normal que sintamos una preocupacion y temor por nuestra seguridad y la de nuestros seres queridos. Esta alarma emocional nos permite tomar las precauciones necesarias para protegernos de cualquier adversidad o adversario.<\/p>\n<p>Sin embargo, el temor que nos prohibe la Biblia es totalmente diferente. El Se\u00f1or no quiere que sus hijos sean dominados por el miedo cuando el enemigo los amenaze con sus mentiras. El temor satanico no esta basado en la realidad, sino en las mentiras con las que Satan\u00e1s enga\u00f1a a muchos siervos de Dios.<\/p>\n<p>El vivir todo el tiempo bajo temor es una esclavitud. No es un sentimiento agradable y nos roba la oportunidad de disfrutar del gozo del Se\u00f1or. No hay nadie que pueda gozarse y re\u00edr cuando est\u00e1 bajo temor.<\/p>\n<p>A veces el temor que sentimos es infundado. No existe un verdadero peligro o adversidad contra nuestras vidas. Este sentimiento puede surgir de lo que nuestra imaginaci\u00f3n crea en la mente. Muchos de nosotros pensamos que estamos presenciando la aparici\u00f3n de un fantasma o cualquier fen\u00f3meno sobrenatural, cuando la realidad es que nuestros ojos est\u00e1n viendo una alucinaci\u00f3n. Esto nos ocurre m\u00e1s en la obscuridad.<\/p>\n<p>Ejemplo; caminamos por una calle obscura y a la distancia vemos una figura blanca moviendose y parece que nos hace se\u00f1as de ir hacia ella. Despu\u00e9s de ver esto, nos entra un temor y p\u00e1nico tan terrible que decidimos tomar otro camino. Al otro d\u00eda, cuando pasamos por ese lugar, descubrimos que esa figura no era m\u00e1s que una simple s\u00e1bana tendida.<\/p>\n<p>Los disc\u00edpulos vivieron algo similar, pero en el caso de ellos, podemos entender su reacci\u00f3n pues lo que ellos vieron fue un milagro realmente impresionante. Jes\u00fas hab\u00eda enviado a los disc\u00edpulos en la barca a cruzar a la otra ribera mientras \u00e9l desped\u00eda a la multitud. Despu\u00e9s subi\u00f3 al monte a orar y cuando llego la noche estaba all\u00ed solo. Mientras Jes\u00fas oraba, los disc\u00edpulos luchaban con las olas que golpeaban la barca porque el viento les era contrario. Entonces a la cuarta vigilia de la noche (o sea, entre las tres y las seis de la ma\u00f1ana), Jes\u00fas vino a ellos caminando sobre el mar.<\/p>\n<p>Los disc\u00edpulos pensaban que ve\u00edan un fantasma y gritaban a causa del miedo. Vemos por esta reacci\u00f3n de ellos de que la creencia en los fantasmas existe por miles de a\u00f1os. Cuando buscamos el significado de esta palabra en el griego tenemos esta definici\u00f3n: \u03c6\u03ac\u03bd\u03c4\u03b1\u03c3\u03bc\u03b1 '<em>phantasma<\/em>', 1) una apariencia, 2) una aparici\u00f3n, espectro.<\/p>\n<p>Aunque en la cultura de estos jud\u00edos, as\u00ed como en las de otras naciones habian y hay quienes creen en la aparici\u00f3n de los muertos, la Biblia es clara en cuanto a esto. Dios prohibe el espiritismo tajantemente, y sabemos por la palabra que los que mueren no pueden volver a este mundo.<\/p>\n<p>Pero la palabra fantasma, en este contexto, no solo se puede aplicar para referirse a la aparici\u00f3n de un difunto, sino simplemente, la aparici\u00f3n de un esp\u00edritu.<\/p>\n<p>Si Jes\u00fas no se llega a identificar y sigue caminando de largo, no hay nadie en esta tierra que hubiese convencido a estos hombres de que no era un fantasma lo que hab\u00edan visto. El miedo puede ser la causa de que a veces veamos las cosas lejos de la realidad.<\/p>\n<p>El Se\u00f1or calmo la ansiedad de sus corazones con sus palabras. Les dijo: \"Tened \u00e1nimo, yo soy.\"<\/p>\n<p>Esto significa que el miedo te roba las fuerzas, te puede paralizar. Cuando Jes\u00fas les dijo \"yo soy\", hizo algo m\u00e1s que identificarse a ellos. YO SOY es el nombre con el cual Dios se le revel\u00f3 a Mois\u00e9s (\u00c9xodo 4). Ese nombre declara algo muy importante acerca de la naturaleza divina; Dios es el \u00fanico ser que subsiste por s\u00ed mismo. No necesita de nadie pues todo procede de \u00c9l.<\/p>\n<p>Cuando seamos invadidos por el miedo, no olvidemos que tenemos al YO SOY de nuestro lado. \u00c9l nos guardara de todo<\/p>\n<p>&nbsp;<\/p>\n<div id=\"blogsy_footer\" style=\"text-align:right;font-size:small;clear:both;\"><a href=\"http:\/\/blogsyapp.com\" target=\"_blank\" rel=\"noopener noreferrer\"><img loading=\"lazy\" decoding=\"async\" style=\"vertical-align:middle;margin-right:5px;\" src=\"http:\/\/blogsyapp.com\/images\/blogsy_footer_icon.png\" alt=\"Posted with Blogsy\" width=\"20\" height=\"20\" \/>Posted with Blogsy<\/a><\/div>\n","protected":false},"excerpt":{"rendered":"<p>Mas a la cuarta vigilia de la noche, Jes\u00fas vino<\/p>\n","protected":false},"author":1,"featured_media":0,"comment_status":"open","ping_status":"open","sticky":false,"template":"","format":"standard","meta":{"_seopress_robots_primary_cat":"","_seopress_titles_title":"","_seopress_titles_desc":"","_seopress_robots_index":"","_monsterinsights_skip_tracking":false,"_monsterinsights_sitenote_active":false,"_monsterinsights_sitenote_note":"","_monsterinsights_sitenote_category":0,"_jetpack_memberships_contains_paid_content":false,"footnotes":""},"categories":[5],"tags":[140,145,150,155,156],"class_list":["post-961","post","type-post","status-publish","format-standard","hentry","category-estudio-biblico","tag-el-cristiano","tag-el-miedo","tag-el-temor","tag-emocion","tag-emociones-y-sentimientos"],"aioseo_notices":[],"jetpack_featured_media_url":"","jetpack_sharing_enabled":true,"_links":{"self":[{"href":"https:\/\/luzenlapalabra.org\/index.php?rest_route=\/wp\/v2\/posts\/961","targetHints":{"allow":["GET"]}}],"collection":[{"href":"https:\/\/luzenlapalabra.org\/index.php?rest_route=\/wp\/v2\/posts"}],"about":[{"href":"https:\/\/luzenlapalabra.org\/index.php?rest_route=\/wp\/v2\/types\/post"}],"author":[{"embeddable":true,"href":"https:\/\/luzenlapalabra.org\/index.php?rest_route=\/wp\/v2\/users\/1"}],"replies":[{"embeddable":true,"href":"https:\/\/luzenlapalabra.org\/index.php?rest_route=%2Fwp%2Fv2%2Fcomments&post=961"}],"version-history":[{"count":0,"href":"https:\/\/luzenlapalabra.org\/index.php?rest_route=\/wp\/v2\/posts\/961\/revisions"}],"wp:attachment":[{"href":"https:\/\/luzenlapalabra.org\/index.php?rest_route=%2Fwp%2Fv2%2Fmedia&parent=961"}],"wp:term":[{"taxonomy":"category","embeddable":true,"href":"https:\/\/luzenlapalabra.org\/index.php?rest_route=%2Fwp%2Fv2%2Fcategories&post=961"},{"taxonomy":"post_tag","embeddable":true,"href":"https:\/\/luzenlapalabra.org\/index.php?rest_route=%2Fwp%2Fv2%2Ftags&post=961"}],"curies":[{"name":"wp","href":"https:\/\/api.w.org\/{rel}","templated":true}]}}