{"id":564,"date":"2011-10-08T20:53:09","date_gmt":"2011-10-09T00:53:09","guid":{"rendered":"http:\/\/luzenlapalabra.org\/?p=564"},"modified":"2026-08-24T11:19:19","modified_gmt":"2026-08-24T15:19:19","slug":"y-sabran-que-yo-soy-jehova","status":"publish","type":"post","link":"https:\/\/luzenlapalabra.org\/?p=564","title":{"rendered":"Y SABR\u00c9IS QUE YO SOY JEHOV\u00c1\u2026"},"content":{"rendered":"\n<p class=\"wp-block-paragraph\"><strong>Ezequiel 39:28-29 | Ig. Pentecostal de Washington Heights (02\/10\/11)<\/strong><\/p>\n\n\n\n<h2 class=\"wp-block-heading\">La expresi\u00f3n en Ezequiel<\/h2>\n\n\n<div class=\"wp-block-image\">\n<figure class=\"alignleft size-full is-resized\"><a href=\"https:\/\/www.freebibleimages.org\/illustrations\/ezekiel-calling\/\"><img fetchpriority=\"high\" decoding=\"async\" width=\"588\" height=\"442\" src=\"https:\/\/luzenlapalabra.org\/wp-content\/uploads\/2011\/10\/Screenshot-2026-08-24-103906.png\" alt=\"https:\/\/www.freebibleimages.org\/illustrations\/ezekiel-calling\/\" class=\"wp-image-4539\" style=\"aspect-ratio:1.3303890961699536;width:184px;height:auto\" srcset=\"https:\/\/luzenlapalabra.org\/wp-content\/uploads\/2011\/10\/Screenshot-2026-08-24-103906.png 588w, https:\/\/luzenlapalabra.org\/wp-content\/uploads\/2011\/10\/Screenshot-2026-08-24-103906-300x226.png 300w\" sizes=\"(max-width: 588px) 100vw, 588px\" \/><\/a><figcaption class=\"wp-element-caption\">Llamado de Ezequiel<\/figcaption><\/figure>\n<\/div>\n\n\n<p class=\"wp-block-paragraph\">En el libro de <a href=\"https:\/\/luzenlapalabra.org\/?p=1254\" target=\"_blank\" rel=\"noopener\" title=\"\"><strong>Ezequiel<\/strong><\/a>, despu\u00e9s de \u00abHijo de hombre\u00bb, la expresi\u00f3n m\u00e1s com\u00fan es \u00aby sabr\u00e9is que yo soy Jehov\u00e1\u00bb. Esta frase aparece unas 60 veces en este libro, sin contar el resto del Antiguo Testamento, y casi siempre est\u00e1 ligada a un mensaje prof\u00e9tico para el pueblo de Dios.<\/p>\n\n\n\n<p class=\"wp-block-paragraph\">Dios quiere que sepamos qui\u00e9n es \u00c9l. Definamos el significado de su nombre para comprender qu\u00e9 desea Dios que entendamos. El significado de su nombre es una descripci\u00f3n de su propia naturaleza, pero es necesario experimentar este significado en el coraz\u00f3n y en el esp\u00edritu, no solo en la mente o el intelecto.<\/p>\n\n\n\n<h2 class=\"wp-block-heading\">La revelaci\u00f3n de Jehov\u00e1<\/h2>\n\n\n\n<p class=\"wp-block-paragraph\">Ling\u00fc\u00edsticamente, el Nombre combina las formas del pasado (\u05d4\u05d9\u05d4), presente (\u05d4\u05d5\u05d4) y futuro (\u05d9\u05d4\u05d9\u05d4) de la ra\u00edz del verbo ser en hebreo, indicando la eternidad de la existencia divina: \u00abYo soy el Alfa y la Omega, principio y fin, dice el Se\u00f1or, el que es y que era y que ha de venir, el Todopoderoso\u00bb (<strong>Apocalipsis 1:8<\/strong>). Su nombre indica que \u00c9l es el \u00fanico que existe por s\u00ed mismo: el eterno YO SOY.<\/p>\n\n\n\n<p class=\"wp-block-paragraph\">Dios revela su nombre por primera vez a Mois\u00e9s en \u00c9xodo 3:14 dici\u00e9ndole: \u00abYO SOY EL QUE SOY\u00bb, y m\u00e1s tarde al pueblo de Israel en <strong>\u00c9xodo 6:2-3, 6-7<\/strong>:<\/p>\n\n\n\n<p class=\"wp-block-paragraph\"><em>\u00abHabl\u00f3 todav\u00eda Dios a Mois\u00e9s, y le dijo: Yo soy JEHOV\u00c1. Y aparec\u00ed a Abraham, a Isaac y a Jacob como Dios Omnipotente, mas en mi nombre JEHOV\u00c1 no me di a conocer a ellos [&#8230;] Por tanto, dir\u00e1s a los hijos de Israel: Yo soy JEHOV\u00c1; y yo os sacar\u00e9 de debajo de las tareas pesadas de Egipto, y os librar\u00e9 de su servidumbre, y os redimir\u00e9 con brazo extendido, y con juicios grandes; y os tomar\u00e9 por mi pueblo y ser\u00e9 vuestro Dios; y vosotros sabr\u00e9is que yo soy Jehov\u00e1 vuestro Dios, que os sac\u00f3 de debajo de las tareas pesadas de Egipto\u00bb.<\/em><\/p>\n\n\n\n<p class=\"wp-block-paragraph\">Israel conoci\u00f3 y entendi\u00f3 que \u00c9l era Jehov\u00e1 cuando fue librado de la esclavitud. De la misma manera, nosotros recibimos el conocimiento de Cristo, nuestro Salvador, como Dios eterno y todopoderoso, cuando fuimos librados de la esclavitud del pecado. Cristo dijo en <a href=\"https:\/\/www.biblegateway.com\/passage\/?search=Juan%208%3A58&amp;version=RVR1960\" target=\"_blank\" rel=\"noopener\" title=\"\"><strong>Juan 8:58<\/strong><\/a>: \u00abAntes que Abraham fuese, YO SOY\u00bb. \u00c9l tambi\u00e9n lleva el nombre de su Padre, \u00abporque en \u00e9l habita corporalmente toda la plenitud de la Deidad\u00bb (<strong>Colosenses 2:9<\/strong>), y afirm\u00f3: \u00abYo y el Padre uno somos\u00bb (<strong>Juan 10:30<\/strong>).<\/p>\n\n\n\n<h2 class=\"wp-block-heading\">La amnesia espiritual de Israel<\/h2>\n\n\n\n<p class=\"wp-block-paragraph\">Dios se revel\u00f3 a Israel como hemos visto en las Escrituras. Sin embargo, algo ocurri\u00f3 con el pueblo, pues Dios termin\u00f3 habl\u00e1ndoles a trav\u00e9s de los profetas como si fuesen un pueblo gentil que nunca hab\u00eda conocido a Dios:<\/p>\n\n\n\n<p class=\"wp-block-paragraph\">1. Si \u00c9l dice que ellos iban a \u00absaber\u00bb que \u00c9l es Jehov\u00e1, es porque, aun siendo su pueblo, no le conoc\u00edan \u00edntimamente. Hab\u00eda en ellos una amnesia espiritual.<br><br>2. La palabra \u00absaber\u00bb en este vers\u00edculo proviene del hebreo yada\u2019, que implica conocer por experiencia, reconocimiento, observaci\u00f3n, instrucci\u00f3n o discernimiento consciente.<\/p>\n\n\n\n<h2 class=\"wp-block-heading\">Las causas del juicio<\/h2>\n\n\n\n<p class=\"wp-block-paragraph\">\u00bfPor qu\u00e9 Dios tuvo que decirles \u00absabr\u00e9is que yo soy Jehov\u00e1\u00bb? Israel le hab\u00eda olvidado e iba tras otros dioses. Hoy ocurre lo mismo: muchos han olvidado qui\u00e9n es Jesucristo y hace falta un conocimiento profundo de Dios. A trav\u00e9s de los juicios y restauraciones, Dios les har\u00eda recordar qui\u00e9n era \u00c9l:<\/p>\n\n\n\n<p class=\"wp-block-paragraph\">\u2022 Juicio contra la idolatr\u00eda (<strong>Ezequiel 6:13<\/strong>): \u00abY sabr\u00e9is que yo soy Jehov\u00e1, cuando sus muertos est\u00e9n en medio de sus \u00eddolos&#8230;\u00bb. La mayor\u00eda de los mensajes en Ezequiel tratan sobre el juicio por haber abandonado a Dios. Quien ha nacido de nuevo sabe que no debe adorar a nada ni a nadie fuera de Dios. Sin embargo, debemos cuidarnos de no caer en el error de Israel. Hoy, muchas congregaciones caen en idolatr\u00eda al desviar la mirada de Cristo para ponerla en las riquezas de este mundo.<br><br>\u2022 Juicio contra la falsa profec\u00eda (<strong>Ezequiel 13:9<\/strong>): \u00abEstar\u00e1 mi mano contra los profetas que ven vanidad y adivinan mentira&#8230; y sabr\u00e9is que yo soy Jehov\u00e1 el Se\u00f1or\u00bb. La falsa profec\u00eda enga\u00f1aba al pueblo y lo alejaba de la verdad. Dios prometi\u00f3 limpiar a su pueblo para que volviesen a conocerle.<br><br>\u2022 Victoria sobre los enemigos (<strong>Ezequiel 38:18-23<\/strong>): Dios se da a conocer a las naciones librando a su pueblo. Del mismo modo, Jesucristo se revela en tu vida cuando te libra del enemigo. Cada prueba es una oportunidad para comprobar que \u00c9l es Jehov\u00e1.<\/p>\n\n\n\n<h2 class=\"wp-block-heading\">Evidencias de una vida que conoce su Nombre<\/h2>\n\n\n\n<p class=\"wp-block-paragraph\">Como dice <strong><a href=\"https:\/\/www.biblegateway.com\/passage\/?search=Jerem%C3%ADas%209%3A23-24&amp;version=RVR1960\" target=\"_blank\" rel=\"noopener\" title=\"\">Jerem\u00edas 9:23-24<\/a><\/strong>, el hombre no debe alabarse en su sabidur\u00eda, valent\u00eda o riquezas, sino en entender y conocer a Dios.<\/p>\n\n\n\n<p class=\"wp-block-paragraph\">Cuando sabes que \u00c9l es Jehov\u00e1:<\/p>\n\n\n\n<ul class=\"wp-block-list\">\n<li>Act\u00faas y caminas de forma diferente.<\/li>\n\n\n\n<li>No murmuras de tu hermano y perdonas al que te ofende.<\/li>\n\n\n\n<li>Piensas y hablas como Cristo.<\/li>\n\n\n\n<li>Dejas la derrota y caminas en victoria, viviendo en el Esp\u00edritu y no en la carne.<\/li>\n<\/ul>\n\n\n\n<p class=\"wp-block-paragraph\"><\/p>\n","protected":false},"excerpt":{"rendered":"<p>Ezequiel 39:28-29 | Ig. Pentecostal de Washington Heights (02\/10\/11) La expresi\u00f3n en Ezequiel En el libro de Ezequiel, despu\u00e9s de \u00abHijo de hombre\u00bb, la expresi\u00f3n m\u00e1s com\u00fan es \u00aby sabr\u00e9is que yo soy Jehov\u00e1\u00bb. Esta frase aparece unas 60 veces en este libro, sin contar el resto del Antiguo Testamento,&#8230;<\/p>\n","protected":false},"author":1,"featured_media":0,"comment_status":"open","ping_status":"open","sticky":false,"template":"","format":"standard","meta":{"_monsterinsights_skip_tracking":false,"_jetpack_newsletter_access":"","_jetpack_dont_email_post_to_subs":false,"_jetpack_newsletter_tier_id":0,"_jetpack_memberships_contains_paywalled_content":false,"_jetpack_memberships_contains_paid_content":false,"footnotes":""},"categories":[9],"tags":[],"class_list":["post-564","post","type-post","status-publish","format-standard","hentry","category-predicas"],"aioseo_notices":[],"aioseo_head":"\n\t\t<!-- All in One SEO 5.0.0.1 - aioseo.com -->\n\t<meta name=\"description\" content=\"En Ezequiel, despu\u00e9s de \u00abHijo de hombre\u00bb, la expresi\u00f3n m\u00e1s com\u00fan es \u00aby sabr\u00e9is que yo soy Jehov\u00e1\u00bb. \u00bfQu\u00e9 significa esta expresi\u00f3n? \u00bfQu\u00e9 podemos aprender de ella?\" \/>\n\t<meta name=\"robots\" content=\"max-image-preview:large\" \/>\n\t<meta name=\"author\" content=\"Gerson Pe\u00f1a\"\/>\n\t<meta name=\"google-site-verification\" content=\"ap-dpob6JH9EkqK1-PRs-pAzpDuFus3DqbuO7MvKCRw\" \/>\n\t<link rel=\"canonical\" href=\"https:\/\/luzenlapalabra.org\/?p=564\" \/>\n\t<meta name=\"generator\" content=\"All in One SEO (AIOSEO) 5.0.0.1\" \/>\n\t\t<meta property=\"og:locale\" content=\"es_ES\" \/>\n\t\t<meta property=\"og:site_name\" content=\"Luz en la Palabra - Estudios B\u00edblicos para Vivir\" \/>\n\t\t<meta property=\"og:type\" content=\"article\" \/>\n\t\t<meta property=\"og:title\" content=\"Y SABR\u00c9IS QUE YO SOY JEHOV\u00c1\u2026 - Luz en la Palabra\" \/>\n\t\t<meta property=\"og:description\" content=\"En Ezequiel, despu\u00e9s de \u00abHijo de hombre\u00bb, la expresi\u00f3n m\u00e1s com\u00fan es \u00aby sabr\u00e9is que yo soy Jehov\u00e1\u00bb. \u00bfQu\u00e9 significa esta expresi\u00f3n? \u00bfQu\u00e9 podemos aprender de ella?\" \/>\n\t\t<meta property=\"og:url\" content=\"https:\/\/luzenlapalabra.org\/?p=564\" \/>\n\t\t<meta property=\"og:image\" content=\"https:\/\/luzenlapalabra.org\/wp-content\/uploads\/2023\/05\/LOGO1-e1684173947646.png\" \/>\n\t\t<meta property=\"og:image:secure_url\" content=\"https:\/\/luzenlapalabra.org\/wp-content\/uploads\/2023\/05\/LOGO1-e1684173947646.png\" \/>\n\t\t<meta property=\"og:image:width\" content=\"200\" \/>\n\t\t<meta property=\"og:image:height\" content=\"200\" \/>\n\t\t<meta property=\"article:published_time\" content=\"2011-10-09T00:53:09+00:00\" \/>\n\t\t<meta property=\"article:modified_time\" content=\"2026-08-24T15:19:19+00:00\" \/>\n\t\t<meta name=\"twitter:card\" content=\"summary_large_image\" \/>\n\t\t<meta name=\"twitter:site\" content=\"@LuzenlaPalabra7\" \/>\n\t\t<meta name=\"twitter:title\" content=\"Y SABR\u00c9IS QUE YO SOY JEHOV\u00c1\u2026 - Luz en la Palabra\" \/>\n\t\t<meta name=\"twitter:description\" content=\"En Ezequiel, despu\u00e9s de \u00abHijo de hombre\u00bb, la expresi\u00f3n m\u00e1s com\u00fan es \u00aby sabr\u00e9is que yo soy Jehov\u00e1\u00bb. \u00bfQu\u00e9 significa esta expresi\u00f3n? \u00bfQu\u00e9 podemos aprender de ella?\" \/>\n\t\t<meta name=\"twitter:creator\" content=\"@LuzenlaPalabra7\" \/>\n\t\t<meta name=\"twitter:image\" content=\"https:\/\/luzenlapalabra.org\/wp-content\/uploads\/2023\/05\/cropped-luz-en-la-palabra20-e1683215748828.png\" \/>\n\t\t<script type=\"application\/ld+json\" class=\"aioseo-schema\">\n\t\t\t{\"@context\":\"https:\\\/\\\/schema.org\",\"@graph\":[{\"@type\":\"BlogPosting\",\"@id\":\"https:\\\/\\\/luzenlapalabra.org\\\/?p=564#blogposting\",\"name\":\"Y SABR\\u00c9IS QUE YO SOY JEHOV\\u00c1\\u2026 - Luz en la Palabra\",\"headline\":\"Y SABR\\u00c9IS QUE YO SOY JEHOV\\u00c1\\u2026\",\"author\":{\"@id\":\"https:\\\/\\\/luzenlapalabra.org\\\/?author=1#author\"},\"publisher\":{\"@id\":\"https:\\\/\\\/luzenlapalabra.org\\\/#organization\"},\"image\":{\"@type\":\"ImageObject\",\"url\":\"https:\\\/\\\/luzenlapalabra.org\\\/wp-content\\\/uploads\\\/2011\\\/10\\\/Screenshot-2026-08-24-103906.png\",\"@id\":\"https:\\\/\\\/luzenlapalabra.org\\\/?p=564\\\/#articleImage\",\"width\":588,\"height\":442,\"caption\":\"Llamado de Ezequiel\"},\"datePublished\":\"2011-10-08T20:53:09-04:00\",\"dateModified\":\"2026-08-24T11:19:19-04:00\",\"inLanguage\":\"es-DO\",\"commentCount\":3,\"mainEntityOfPage\":{\"@id\":\"https:\\\/\\\/luzenlapalabra.org\\\/?p=564#webpage\"},\"isPartOf\":{\"@id\":\"https:\\\/\\\/luzenlapalabra.org\\\/?p=564#webpage\"},\"articleSection\":\"Predicas\"},{\"@type\":\"BreadcrumbList\",\"@id\":\"https:\\\/\\\/luzenlapalabra.org\\\/?p=564#breadcrumblist\",\"itemListElement\":[{\"@type\":\"ListItem\",\"@id\":\"https:\\\/\\\/luzenlapalabra.org#listItem\",\"position\":1,\"name\":\"Home\",\"item\":\"https:\\\/\\\/luzenlapalabra.org\",\"nextItem\":{\"@type\":\"ListItem\",\"@id\":\"https:\\\/\\\/luzenlapalabra.org\\\/?cat=9#listItem\",\"name\":\"Predicas\"}},{\"@type\":\"ListItem\",\"@id\":\"https:\\\/\\\/luzenlapalabra.org\\\/?cat=9#listItem\",\"position\":2,\"name\":\"Predicas\",\"item\":\"https:\\\/\\\/luzenlapalabra.org\\\/?cat=9\",\"nextItem\":{\"@type\":\"ListItem\",\"@id\":\"https:\\\/\\\/luzenlapalabra.org\\\/?p=564#listItem\",\"name\":\"Y SABR\\u00c9IS QUE YO SOY JEHOV\\u00c1\\u2026\"},\"previousItem\":{\"@type\":\"ListItem\",\"@id\":\"https:\\\/\\\/luzenlapalabra.org#listItem\",\"name\":\"Home\"}},{\"@type\":\"ListItem\",\"@id\":\"https:\\\/\\\/luzenlapalabra.org\\\/?p=564#listItem\",\"position\":3,\"name\":\"Y SABR\\u00c9IS QUE YO SOY JEHOV\\u00c1\\u2026\",\"previousItem\":{\"@type\":\"ListItem\",\"@id\":\"https:\\\/\\\/luzenlapalabra.org\\\/?cat=9#listItem\",\"name\":\"Predicas\"}}]},{\"@type\":\"Organization\",\"@id\":\"https:\\\/\\\/luzenlapalabra.org\\\/#organization\",\"name\":\"LUZ EN LA PALABRA\",\"description\":\"Estudios B\\u00edblicos para Vivir\",\"url\":\"https:\\\/\\\/luzenlapalabra.org\\\/\",\"logo\":{\"@type\":\"ImageObject\",\"url\":\"https:\\\/\\\/luzenlapalabra.org\\\/wp-content\\\/uploads\\\/2023\\\/09\\\/cropped-Elegant-Circle-Signature-Photography-Logo.png\",\"@id\":\"https:\\\/\\\/luzenlapalabra.org\\\/?p=564\\\/#organizationLogo\",\"width\":200,\"height\":200},\"image\":{\"@id\":\"https:\\\/\\\/luzenlapalabra.org\\\/?p=564\\\/#organizationLogo\"},\"sameAs\":[\"https:\\\/\\\/twitter.com\\\/LuzenlaPalabra7\",\"https:\\\/\\\/youtube.com\\\/luzenlapalabra\"]},{\"@type\":\"Person\",\"@id\":\"https:\\\/\\\/luzenlapalabra.org\\\/?author=1#author\",\"url\":\"https:\\\/\\\/luzenlapalabra.org\\\/?author=1\",\"name\":\"Gerson Pe\\u00f1a\",\"image\":{\"@type\":\"ImageObject\",\"@id\":\"https:\\\/\\\/luzenlapalabra.org\\\/?p=564#authorImage\",\"url\":\"https:\\\/\\\/secure.gravatar.com\\\/avatar\\\/de4c922e08e136bc3360798e6d6b54cd786e7bb6c1881b52114811d0a3af7147?s=96&d=mm&r=g\",\"width\":96,\"height\":96,\"caption\":\"Gerson Pe\\u00f1a\"}},{\"@type\":\"WebPage\",\"@id\":\"https:\\\/\\\/luzenlapalabra.org\\\/?p=564#webpage\",\"url\":\"https:\\\/\\\/luzenlapalabra.org\\\/?p=564\",\"name\":\"Y SABR\\u00c9IS QUE YO SOY JEHOV\\u00c1\\u2026 - Luz en la Palabra\",\"description\":\"En Ezequiel, despu\\u00e9s de \\u00abHijo de hombre\\u00bb, la expresi\\u00f3n m\\u00e1s com\\u00fan es \\u00aby sabr\\u00e9is que yo soy Jehov\\u00e1\\u00bb. \\u00bfQu\\u00e9 significa esta expresi\\u00f3n? \\u00bfQu\\u00e9 podemos aprender de ella?\",\"inLanguage\":\"es-DO\",\"isPartOf\":{\"@id\":\"https:\\\/\\\/luzenlapalabra.org\\\/#website\"},\"breadcrumb\":{\"@id\":\"https:\\\/\\\/luzenlapalabra.org\\\/?p=564#breadcrumblist\"},\"author\":{\"@id\":\"https:\\\/\\\/luzenlapalabra.org\\\/?author=1#author\"},\"creator\":{\"@id\":\"https:\\\/\\\/luzenlapalabra.org\\\/?author=1#author\"},\"datePublished\":\"2011-10-08T20:53:09-04:00\",\"dateModified\":\"2026-08-24T11:19:19-04:00\"},{\"@type\":\"WebSite\",\"@id\":\"https:\\\/\\\/luzenlapalabra.org\\\/#website\",\"url\":\"https:\\\/\\\/luzenlapalabra.org\\\/\",\"name\":\"LUZ EN LA PALABRA\",\"description\":\"Estudios B\\u00edblicos para Vivir\",\"inLanguage\":\"es-DO\",\"publisher\":{\"@id\":\"https:\\\/\\\/luzenlapalabra.org\\\/#organization\"}}]}\n\t\t<\/script>\n\t\t<!-- All in One SEO -->\n\n","aioseo_head_json":{"title":"Y SABR\u00c9IS QUE YO SOY JEHOV\u00c1\u2026 - Luz en la Palabra","description":"En Ezequiel, despu\u00e9s de \u00abHijo de hombre\u00bb, la expresi\u00f3n m\u00e1s com\u00fan es \u00aby sabr\u00e9is que yo soy Jehov\u00e1\u00bb. \u00bfQu\u00e9 significa esta expresi\u00f3n? \u00bfQu\u00e9 podemos aprender de ella?","canonical_url":"https:\/\/luzenlapalabra.org\/?p=564","robots":"max-image-preview:large","keywords":"","webmasterTools":{"google-site-verification":"ap-dpob6JH9EkqK1-PRs-pAzpDuFus3DqbuO7MvKCRw","miscellaneous":""},"schema":{"@context":"https:\/\/schema.org","@graph":[{"@type":"BlogPosting","@id":"https:\/\/luzenlapalabra.org\/?p=564#blogposting","name":"Y SABR\u00c9IS QUE YO SOY JEHOV\u00c1\u2026 - Luz en la Palabra","headline":"Y SABR\u00c9IS QUE YO SOY JEHOV\u00c1\u2026","author":{"@id":"https:\/\/luzenlapalabra.org\/?author=1#author"},"publisher":{"@id":"https:\/\/luzenlapalabra.org\/#organization"},"image":{"@type":"ImageObject","url":"https:\/\/luzenlapalabra.org\/wp-content\/uploads\/2011\/10\/Screenshot-2026-08-24-103906.png","@id":"https:\/\/luzenlapalabra.org\/?p=564\/#articleImage","width":588,"height":442,"caption":"Llamado de Ezequiel"},"datePublished":"2011-10-08T20:53:09-04:00","dateModified":"2026-08-24T11:19:19-04:00","inLanguage":"es-DO","commentCount":3,"mainEntityOfPage":{"@id":"https:\/\/luzenlapalabra.org\/?p=564#webpage"},"isPartOf":{"@id":"https:\/\/luzenlapalabra.org\/?p=564#webpage"},"articleSection":"Predicas"},{"@type":"BreadcrumbList","@id":"https:\/\/luzenlapalabra.org\/?p=564#breadcrumblist","itemListElement":[{"@type":"ListItem","@id":"https:\/\/luzenlapalabra.org#listItem","position":1,"name":"Home","item":"https:\/\/luzenlapalabra.org","nextItem":{"@type":"ListItem","@id":"https:\/\/luzenlapalabra.org\/?cat=9#listItem","name":"Predicas"}},{"@type":"ListItem","@id":"https:\/\/luzenlapalabra.org\/?cat=9#listItem","position":2,"name":"Predicas","item":"https:\/\/luzenlapalabra.org\/?cat=9","nextItem":{"@type":"ListItem","@id":"https:\/\/luzenlapalabra.org\/?p=564#listItem","name":"Y SABR\u00c9IS QUE YO SOY JEHOV\u00c1\u2026"},"previousItem":{"@type":"ListItem","@id":"https:\/\/luzenlapalabra.org#listItem","name":"Home"}},{"@type":"ListItem","@id":"https:\/\/luzenlapalabra.org\/?p=564#listItem","position":3,"name":"Y SABR\u00c9IS QUE YO SOY JEHOV\u00c1\u2026","previousItem":{"@type":"ListItem","@id":"https:\/\/luzenlapalabra.org\/?cat=9#listItem","name":"Predicas"}}]},{"@type":"Organization","@id":"https:\/\/luzenlapalabra.org\/#organization","name":"LUZ EN LA PALABRA","description":"Estudios B\u00edblicos para Vivir","url":"https:\/\/luzenlapalabra.org\/","logo":{"@type":"ImageObject","url":"https:\/\/luzenlapalabra.org\/wp-content\/uploads\/2023\/09\/cropped-Elegant-Circle-Signature-Photography-Logo.png","@id":"https:\/\/luzenlapalabra.org\/?p=564\/#organizationLogo","width":200,"height":200},"image":{"@id":"https:\/\/luzenlapalabra.org\/?p=564\/#organizationLogo"},"sameAs":["https:\/\/twitter.com\/LuzenlaPalabra7","https:\/\/youtube.com\/luzenlapalabra"]},{"@type":"Person","@id":"https:\/\/luzenlapalabra.org\/?author=1#author","url":"https:\/\/luzenlapalabra.org\/?author=1","name":"Gerson Pe\u00f1a","image":{"@type":"ImageObject","@id":"https:\/\/luzenlapalabra.org\/?p=564#authorImage","url":"https:\/\/secure.gravatar.com\/avatar\/de4c922e08e136bc3360798e6d6b54cd786e7bb6c1881b52114811d0a3af7147?s=96&d=mm&r=g","width":96,"height":96,"caption":"Gerson Pe\u00f1a"}},{"@type":"WebPage","@id":"https:\/\/luzenlapalabra.org\/?p=564#webpage","url":"https:\/\/luzenlapalabra.org\/?p=564","name":"Y SABR\u00c9IS QUE YO SOY JEHOV\u00c1\u2026 - Luz en la Palabra","description":"En Ezequiel, despu\u00e9s de \u00abHijo de hombre\u00bb, la expresi\u00f3n m\u00e1s com\u00fan es \u00aby sabr\u00e9is que yo soy Jehov\u00e1\u00bb. \u00bfQu\u00e9 significa esta expresi\u00f3n? \u00bfQu\u00e9 podemos aprender de ella?","inLanguage":"es-DO","isPartOf":{"@id":"https:\/\/luzenlapalabra.org\/#website"},"breadcrumb":{"@id":"https:\/\/luzenlapalabra.org\/?p=564#breadcrumblist"},"author":{"@id":"https:\/\/luzenlapalabra.org\/?author=1#author"},"creator":{"@id":"https:\/\/luzenlapalabra.org\/?author=1#author"},"datePublished":"2011-10-08T20:53:09-04:00","dateModified":"2026-08-24T11:19:19-04:00"},{"@type":"WebSite","@id":"https:\/\/luzenlapalabra.org\/#website","url":"https:\/\/luzenlapalabra.org\/","name":"LUZ EN LA PALABRA","description":"Estudios B\u00edblicos para Vivir","inLanguage":"es-DO","publisher":{"@id":"https:\/\/luzenlapalabra.org\/#organization"}}]},"og:locale":"es_ES","og:site_name":"Luz en la Palabra - Estudios B\u00edblicos para Vivir","og:type":"article","og:title":"Y SABR\u00c9IS QUE YO SOY JEHOV\u00c1\u2026 - Luz en la Palabra","og:description":"En Ezequiel, despu\u00e9s de \u00abHijo de hombre\u00bb, la expresi\u00f3n m\u00e1s com\u00fan es \u00aby sabr\u00e9is que yo soy Jehov\u00e1\u00bb. \u00bfQu\u00e9 significa esta expresi\u00f3n? \u00bfQu\u00e9 podemos aprender de ella?","og:url":"https:\/\/luzenlapalabra.org\/?p=564","og:image":"https:\/\/luzenlapalabra.org\/wp-content\/uploads\/2023\/05\/LOGO1-e1684173947646.png","og:image:secure_url":"https:\/\/luzenlapalabra.org\/wp-content\/uploads\/2023\/05\/LOGO1-e1684173947646.png","og:image:width":200,"og:image:height":200,"article:published_time":"2011-10-09T00:53:09+00:00","article:modified_time":"2026-08-24T15:19:19+00:00","twitter:card":"summary_large_image","twitter:site":"@LuzenlaPalabra7","twitter:title":"Y SABR\u00c9IS QUE YO SOY JEHOV\u00c1\u2026 - Luz en la Palabra","twitter:description":"En Ezequiel, despu\u00e9s de \u00abHijo de hombre\u00bb, la expresi\u00f3n m\u00e1s com\u00fan es \u00aby sabr\u00e9is que yo soy Jehov\u00e1\u00bb. \u00bfQu\u00e9 significa esta expresi\u00f3n? \u00bfQu\u00e9 podemos aprender de ella?","twitter:creator":"@LuzenlaPalabra7","twitter:image":"https:\/\/luzenlapalabra.org\/wp-content\/uploads\/2023\/05\/cropped-luz-en-la-palabra20-e1683215748828.png"},"aioseo_meta_data":{"post_id":"564","title":null,"description":"En Ezequiel, despu\u00e9s de \u00abHijo de hombre\u00bb, la expresi\u00f3n m\u00e1s com\u00fan es \u00aby sabr\u00e9is que yo soy Jehov\u00e1\u00bb. \u00bfQu\u00e9 significa esta expresi\u00f3n? \u00bfQu\u00e9 podemos aprender de ella?","keywords":null,"keyphrases":{"focus":{"keyphrase":"Jehov\u00e1","score":0,"analysis":[]},"additional":[]},"primary_term":null,"canonical_url":null,"og_title":null,"og_description":null,"og_object_type":"default","og_image_type":"default","og_image_url":null,"og_image_width":null,"og_image_height":null,"og_image_custom_url":null,"og_image_custom_fields":null,"og_video":"","og_custom_url":null,"og_article_section":null,"og_article_tags":null,"twitter_use_og":false,"twitter_card":"default","twitter_image_type":"default","twitter_image_url":null,"twitter_image_custom_url":null,"twitter_image_custom_fields":null,"twitter_title":null,"twitter_description":null,"schema":{"blockGraphs":[],"customGraphs":[],"default":{"data":{"Article":[],"Course":[],"Dataset":[],"FAQPage":[],"Movie":[],"Person":[],"Product":[],"ProductReview":[],"Car":[],"Recipe":[],"Service":[],"SoftwareApplication":[],"WebPage":[]},"graphName":"BlogPosting","isEnabled":true},"graphs":[]},"schema_type":"default","schema_type_options":null,"pillar_content":false,"robots_default":true,"robots_noindex":false,"robots_noarchive":false,"robots_nosnippet":false,"robots_nofollow":false,"robots_noimageindex":false,"robots_noodp":false,"robots_notranslate":false,"robots_max_snippet":"-1","robots_max_videopreview":"-1","robots_max_imagepreview":"large","priority":null,"frequency":"default","local_seo":null,"breadcrumb_settings":null,"limit_modified_date":false,"ai":{"faqs":[],"keyPoints":[],"schemas":[],"titles":[],"descriptions":[],"socialPosts":{"email":{"subject":"","preview":"","content":""},"linkedin":[],"twitter":[],"facebook":[],"instagram":[]}},"created":"2023-05-04 19:50:56","updated":"2026-08-24 16:11:37","focus_keyword":"Jehov\u00e1","additional_keywords":null,"truseo_locale":null,"seo_analyzer_scan_date":null},"aioseo_breadcrumb":"<div class=\"aioseo-breadcrumbs\"><span class=\"aioseo-breadcrumb\">\n\t\t\t<a href=\"https:\/\/luzenlapalabra.org\" title=\"Home\">Home<\/a>\n\t\t<\/span><span class=\"aioseo-breadcrumb-separator\">&raquo;<\/span><span class=\"aioseo-breadcrumb\">\n\t\t\t<a href=\"https:\/\/luzenlapalabra.org\/?cat=9\" title=\"Predicas\">Predicas<\/a>\n\t\t<\/span><span class=\"aioseo-breadcrumb-separator\">&raquo;<\/span><span class=\"aioseo-breadcrumb\">\n\t\t\tY SABR\u00c9IS QUE YO SOY JEHOV\u00c1\u2026\n\t\t<\/span><\/div>","aioseo_breadcrumb_json":[{"label":"Home","link":"https:\/\/luzenlapalabra.org"},{"label":"Predicas","link":"https:\/\/luzenlapalabra.org\/?cat=9"},{"label":"Y SABR\u00c9IS QUE YO SOY JEHOV\u00c1\u2026","link":"https:\/\/luzenlapalabra.org\/?p=564"}],"jetpack_sharing_enabled":true,"jetpack_featured_media_url":"","_links":{"self":[{"href":"https:\/\/luzenlapalabra.org\/index.php?rest_route=\/wp\/v2\/posts\/564","targetHints":{"allow":["GET"]}}],"collection":[{"href":"https:\/\/luzenlapalabra.org\/index.php?rest_route=\/wp\/v2\/posts"}],"about":[{"href":"https:\/\/luzenlapalabra.org\/index.php?rest_route=\/wp\/v2\/types\/post"}],"author":[{"embeddable":true,"href":"https:\/\/luzenlapalabra.org\/index.php?rest_route=\/wp\/v2\/users\/1"}],"replies":[{"embeddable":true,"href":"https:\/\/luzenlapalabra.org\/index.php?rest_route=%2Fwp%2Fv2%2Fcomments&post=564"}],"version-history":[{"count":4,"href":"https:\/\/luzenlapalabra.org\/index.php?rest_route=\/wp\/v2\/posts\/564\/revisions"}],"predecessor-version":[{"id":4545,"href":"https:\/\/luzenlapalabra.org\/index.php?rest_route=\/wp\/v2\/posts\/564\/revisions\/4545"}],"wp:attachment":[{"href":"https:\/\/luzenlapalabra.org\/index.php?rest_route=%2Fwp%2Fv2%2Fmedia&parent=564"}],"wp:term":[{"taxonomy":"category","embeddable":true,"href":"https:\/\/luzenlapalabra.org\/index.php?rest_route=%2Fwp%2Fv2%2Fcategories&post=564"},{"taxonomy":"post_tag","embeddable":true,"href":"https:\/\/luzenlapalabra.org\/index.php?rest_route=%2Fwp%2Fv2%2Ftags&post=564"}],"curies":[{"name":"wp","href":"https:\/\/api.w.org\/{rel}","templated":true}]}}