{"id":4515,"date":"2026-03-12T18:00:00","date_gmt":"2026-03-12T22:00:00","guid":{"rendered":"https:\/\/luzenlapalabra.org\/?p=4515"},"modified":"2026-03-12T15:26:29","modified_gmt":"2026-03-12T19:26:29","slug":"vida-en-la-palabra-de-dios","status":"publish","type":"post","link":"https:\/\/luzenlapalabra.org\/?p=4515","title":{"rendered":"VIDA EN LA PALABRA DE DIOS"},"content":{"rendered":"\n<figure class=\"wp-block-gallery has-nested-images columns-default is-cropped wp-block-gallery-1 is-layout-flex wp-block-gallery-is-layout-flex\">\n<figure class=\"wp-block-image alignleft size-large\"><img alt=\"\" loading=\"lazy\" decoding=\"async\" width=\"1024\" height=\"576\" data-id=\"4518\" src=\"https:\/\/luzenlapalabra.org\/wp-content\/uploads\/2026\/03\/Add-a-heading1-1024x576.jpg\" alt=\"\" class=\"wp-image-4518\" srcset=\"https:\/\/luzenlapalabra.org\/wp-content\/uploads\/2026\/03\/Add-a-heading1-1024x576.jpg 1024w, https:\/\/luzenlapalabra.org\/wp-content\/uploads\/2026\/03\/Add-a-heading1-300x169.jpg 300w, https:\/\/luzenlapalabra.org\/wp-content\/uploads\/2026\/03\/Add-a-heading1-768x432.jpg 768w, https:\/\/luzenlapalabra.org\/wp-content\/uploads\/2026\/03\/Add-a-heading1-1536x864.jpg 1536w, https:\/\/luzenlapalabra.org\/wp-content\/uploads\/2026\/03\/Add-a-heading1.jpg 1920w\" sizes=\"auto, (max-width: 1024px) 100vw, 1024px\" \/><\/figure>\n<\/figure>\n\n\n\n<p>Desde la antig\u00fcedad, fil\u00f3sofos y pensadores han reconocido el profundo poder del lenguaje. Las palabras son contenedores de informaci\u00f3n que moldean nuestro car\u00e1cter interior y nuestras acciones externas. Si las palabras humanas tienen tanta influencia, \u00bfcu\u00e1nto m\u00e1s la tendr\u00e1 la Palabra de Dios? A diferencia del habla humano, la palabra de Dios contiene una vida \u00fanica y autosuficiente que transforma el esp\u00edritu humano como ninguna otra cosa puede hacerlo.<\/p>\n\n\n\n<h2 class=\"wp-block-heading\"><strong>Definiendo la \"vida\"<\/strong><\/h2>\n\n\n\n<p>Para entender la \"vida en la Palabra de Dios\", primero debemos distinguir entre las diversas maneras en que definimos el vocablo \u201cvida.\u201d Incluso sin un diccionario, intuitivamente usamos esta palabra en diferentes contextos. Por ejemplo:<\/p>\n\n\n\n<ul class=\"wp-block-list\">\n<li>\"No te metas en mi <strong>vida<\/strong>\". (Experiencia personal\/privacidad)<\/li>\n\n\n\n<li>\"\u00bfHay <strong>vida <\/strong>en otros planetas?\" (Existencia biol\u00f3gica)<\/li>\n\n\n\n<li>La <strong>vida <\/strong>es corta.\u201d (Duraci\u00f3n del tiempo)<\/li>\n<\/ul>\n\n\n\n<h3 class=\"wp-block-heading\">La Perspectiva Secular<\/h3>\n\n\n\n<p>\u00bfPero qu\u00e9 dice la definici\u00f3n oficial del diccionario?<\/p>\n\n\n\n<p>La Real Academia Espa\u00f1ola define la vida como la condici\u00f3n propia de los seres vivos, caracterizada por la actividad interna esencial: crecimiento, metabolismo, reproducci\u00f3n y, finalmente, muerte. Abarca el lapso entre el nacimiento y la muerte, as\u00ed como la forma en que un individuo organiza su existencia, trabajo y relaciones. Es la \u201cenerg\u00eda interior\u201d que proporciona movimiento y significado.<\/p>\n\n\n\n<h3 class=\"wp-block-heading\">La Perspectiva B\u00edblica<\/h3>\n\n\n\n<p>En las Escrituras, el t\u00e9rmino \u201cvida\u201d trasciende las funciones biol\u00f3gicas para incluir dimensiones emocionales y eternas. Los diccionarios b\u00edblicos la definen de esta forma:<\/p>\n\n\n\n<ul class=\"wp-block-list\">\n<li><strong>Chai<\/strong>\u00b7y\u00edm (hebreo): Fuerza vital y plenitud otorgada por Dios (G\u00e9nesis 2:7).<\/li>\n\n\n\n<li><strong>Bios<\/strong> (griego): Vida biol\u00f3gica, duraci\u00f3n o medio de subsistencia (Lucas 8:14).<\/li>\n\n\n\n<li><strong>Psyche<\/strong> (griego): El alma, la existencia psicol\u00f3gica del individuo (Mateo 6:25).<\/li>\n\n\n\n<li><strong>Zoe<\/strong> (griego): El t\u00e9rmino m\u00e1s profundo; Se refiere al principio divino: la vida absoluta e increada que Dios posee en s\u00ed mismo y concede a los creyentes por medio de Cristo (Juan 10:10).<\/li>\n<\/ul>\n\n\n\n<p>Mientras que Bios finalmente cesa, Zoe es cualitativa (abundante) y cuantitativa (eterna). La verdadera vida, b\u00edblicamente hablando, es la comuni\u00f3n con Dios.<\/p>\n\n\n\n<h2 class=\"wp-block-heading\"><strong>Esp\u00edritu y Vida<\/strong><\/h2>\n\n\n\n<p><em>\u201c<\/em><em>El esp\u00edritu es el que da vida; la carne para nada aprovecha; las palabras que yo os he hablado son esp\u00edritu y son vida.<\/em><em>.\u201d<\/em> \u2014 <strong>Juan 6:63<\/strong><\/p>\n\n\n\n<p>Mirando el contexto, Jes\u00fas se dirig\u00eda a los jud\u00edos que lo segu\u00edan en busca de pan f\u00edsico. Cuando habl\u00f3 de \u201ccomer su carne\u201d en el <strong><a href=\"https:\/\/www.biblegateway.com\/passage\/?search=Juan%206&amp;version=RVR1960\" target=\"_blank\" rel=\"noopener\" title=\"\">vers\u00edculo 53<\/a><\/strong>, su audiencia tuvo dificultades con la literalidad de su declaraci\u00f3n. Aun sus disc\u00edpulos se escandalizaron. Pero Jes\u00fas les aclar\u00f3 que su mensaje apuntaba a una realidad espiritual.<\/p>\n\n\n\n<p>La palabra griega para \u201cda vida\u201d es zoopoieo, que significa vivificar, revitalizar o restaurar la vida. Cuando el Esp\u00edritu sopla a trav\u00e9s de la Palabra, recibimos el poder espiritual necesario para vencer los deseos carnales. Las palabras humanas pueden influir en la mente, pero solo las de Cristo \u2014que \u00c9l identifica como \u201cEsp\u00edritu y Vida\u201d\u2014 pueden regenerar el alma.<\/p>\n\n\n\n<h3 class=\"wp-block-heading\">Dos atributos de su Palabra<\/h3>\n\n\n\n<p>1.<strong>Es Esp\u00edritu<\/strong><strong>:<\/strong> La palabra \u201cesp\u00edritu\u201d en griego es pneuma, la cual se puede traducir como viento, aire, o aliento. As\u00ed como el viento literal es un misterio, la palabra de Dios es un misterio de poder. Proviene de una naturaleza espiritual que la mente humana no puede comprender plenamente, pero que el esp\u00edritu humano puede experimentar.<\/p>\n\n\n\n<p>2. <strong>Es Vida:<\/strong> La Palabra no es solo portadora de informaci\u00f3n; es portadora de Zo\u00e9. O sea, tiene la vida espiritual eterna en s\u00ed misma.<\/p>\n\n\n\n<h2 class=\"wp-block-heading\"><strong>La Palabra Perdurable y Activa<\/strong><\/h2>\n\n\n\n<p>Las Escrituras contrastan la fragilidad de la humanidad con la permanencia de la revelaci\u00f3n de Dios. Como se\u00f1ala Isa\u00edas 40:6-8, la humanidad es como la hierba que se seca, pero la Palabra de Dios permanece para siempre porque comparte su naturaleza eterna.<\/p>\n\n\n\n<h3 class=\"wp-block-heading\">Su efecto en el creyente<\/h3>\n\n\n\n<p><em>\u201c<\/em><em>Porque la palabra de Dios es viva y eficaz, y m\u00e1s cortante que toda espada de dos filos; y penetra hasta partir el alma y el esp\u00edritu, las coyunturas y los tu\u00e9tanos, y discierne los pensamientos y las intenciones del coraz\u00f3n.<\/em><em>.\u201d<\/em> \u2014 <strong>Hebreos 4:12<\/strong><\/p>\n\n\n\n<p>Esta escritura nos muestra el efecto de la palabra de Dios en nuestras vidas. Primeramente, la palabra no est\u00e1 muerta. En segundo lugar, es eficaz, que quiere decir \u201cpoderosa\u201d para transformar al creyente y liberar al cautivo.<\/p>\n\n\n\n<p>Su palabra es tan penetrante que puede partir el alma y el esp\u00edritu. Es dif\u00edcil comprender el significado de estas palabras. Algunos dicen que despu\u00e9s de la ca\u00edda, el esp\u00edritu qued\u00f3 fusionado con el alma y cay\u00f3 en la esclavitud del pecado. Por esto, es necesario que haya una separaci\u00f3n entre ellos y la palabra de Dios es el instrumento indicado para esto.<\/p>\n\n\n\n<p>Como se\u00f1ala el comentarista David Guzik, la <strong><a href=\"https:\/\/luzenlapalabra.org\/?p=4497\" target=\"_blank\" rel=\"noopener\" title=\"\">Biblia <\/a><\/strong>act\u00faa como un instrumento quir\u00fargico espiritual, discerniendo nuestras motivaciones m\u00e1s profundas e impartiendo vitalidad a nuestro esp\u00edritu, alma y cuerpo.<\/p>\n\n\n\n<h2 class=\"wp-block-heading\"><strong>Conclusi\u00f3n<\/strong><strong><\/strong><\/h2>\n\n\n\n<p>Porque nacemos de nuevo a trav\u00e9s de esta semilla imperecedera (1 Pedro 1:23), debemos alimentarnos continuamente de ella. Involucrarnos con la Palabra no es solo un ejercicio acad\u00e9mico; es una necesidad espiritual. Al leerla y estudiarla, recibimos la vida \u201cZoe\u201d necesaria para vencer en la guerra espiritual y vivir en la plenitud del prop\u00f3sito de Dios.<\/p>\n","protected":false},"excerpt":{"rendered":"<p>Desde la antig\u00fcedad, fil\u00f3sofos y pensadores han reconocido el profundo<\/p>\n","protected":false},"author":1,"featured_media":0,"comment_status":"open","ping_status":"open","sticky":true,"template":"","format":"standard","meta":{"_seopress_robots_primary_cat":"","_seopress_titles_title":"","_seopress_titles_desc":"","_seopress_robots_index":"","_monsterinsights_skip_tracking":false,"_monsterinsights_sitenote_active":false,"_monsterinsights_sitenote_note":"","_monsterinsights_sitenote_category":0,"_jetpack_memberships_contains_paid_content":false,"footnotes":""},"categories":[5],"tags":[],"class_list":["post-4515","post","type-post","status-publish","format-standard","hentry","category-estudio-biblico"],"aioseo_notices":[],"jetpack_featured_media_url":"","jetpack_sharing_enabled":true,"_links":{"self":[{"href":"https:\/\/luzenlapalabra.org\/index.php?rest_route=\/wp\/v2\/posts\/4515","targetHints":{"allow":["GET"]}}],"collection":[{"href":"https:\/\/luzenlapalabra.org\/index.php?rest_route=\/wp\/v2\/posts"}],"about":[{"href":"https:\/\/luzenlapalabra.org\/index.php?rest_route=\/wp\/v2\/types\/post"}],"author":[{"embeddable":true,"href":"https:\/\/luzenlapalabra.org\/index.php?rest_route=\/wp\/v2\/users\/1"}],"replies":[{"embeddable":true,"href":"https:\/\/luzenlapalabra.org\/index.php?rest_route=%2Fwp%2Fv2%2Fcomments&post=4515"}],"version-history":[{"count":3,"href":"https:\/\/luzenlapalabra.org\/index.php?rest_route=\/wp\/v2\/posts\/4515\/revisions"}],"predecessor-version":[{"id":4519,"href":"https:\/\/luzenlapalabra.org\/index.php?rest_route=\/wp\/v2\/posts\/4515\/revisions\/4519"}],"wp:attachment":[{"href":"https:\/\/luzenlapalabra.org\/index.php?rest_route=%2Fwp%2Fv2%2Fmedia&parent=4515"}],"wp:term":[{"taxonomy":"category","embeddable":true,"href":"https:\/\/luzenlapalabra.org\/index.php?rest_route=%2Fwp%2Fv2%2Fcategories&post=4515"},{"taxonomy":"post_tag","embeddable":true,"href":"https:\/\/luzenlapalabra.org\/index.php?rest_route=%2Fwp%2Fv2%2Ftags&post=4515"}],"curies":[{"name":"wp","href":"https:\/\/api.w.org\/{rel}","templated":true}]}}