{"id":4283,"date":"2025-01-01T18:24:00","date_gmt":"2025-01-01T18:24:00","guid":{"rendered":"https:\/\/luzenlapalabra.org\/?p=4283"},"modified":"2025-01-01T23:48:44","modified_gmt":"2025-01-01T23:48:44","slug":"estudio-biblico-del-libro-de-daniel-capitulo-1","status":"publish","type":"post","link":"https:\/\/luzenlapalabra.org\/?p=4283","title":{"rendered":"Estudio B\u00edblico del Libro de Daniel &#8211; cap\u00edtulo 1"},"content":{"rendered":"\n<figure class=\"wp-block-embed is-type-video is-provider-youtube wp-block-embed-youtube wp-embed-aspect-16-9 wp-has-aspect-ratio\" style=\"margin-right:0;margin-left:0\"><div class=\"wp-block-embed__wrapper\">\n<iframe title=\"DANIEL 1 - Ep. 159\" width=\"640\" height=\"360\" src=\"https:\/\/www.youtube.com\/embed\/1l3-VspyAks?feature=oembed\" frameborder=\"0\" allow=\"accelerometer; autoplay; clipboard-write; encrypted-media; gyroscope; picture-in-picture; web-share\" referrerpolicy=\"strict-origin-when-cross-origin\" allowfullscreen><\/iframe>\n<\/div><\/figure>\n\n\n\n<p class=\"has-black-color has-text-color has-link-color wp-elements-1 wp-block-paragraph\">En esta transmisi\u00f3n de <strong>LUZ EN LA PALABRA<\/strong> comenzamos una nueva serie de estudios b\u00edblicos sobre el libro de <strong><a href=\"https:\/\/luzenlapalabra.org\/?p=1333\" target=\"_blank\" rel=\"noopener\" title=\"\">Daniel<\/a><\/strong>.<\/p>\n\n\n\n<p class=\"has-black-color has-text-color has-link-color wp-elements-2 wp-block-paragraph\">La cantidad de informaci\u00f3n es demasiado extensa para poder incluirla en esta publicaci\u00f3n. Por eso quiero presentar algunos de los puntos clave que se encuentran en este video.<\/p>\n\n\n<div class=\"wp-block-image\">\n<figure class=\"alignleft size-full is-resized\"><img fetchpriority=\"high\" decoding=\"async\" width=\"960\" height=\"540\" src=\"https:\/\/luzenlapalabra.org\/wp-content\/uploads\/2025\/01\/DANIEL-1.jpg\" alt=\"\" class=\"wp-image-4285\" style=\"width:186px;height:auto\" srcset=\"https:\/\/luzenlapalabra.org\/wp-content\/uploads\/2025\/01\/DANIEL-1.jpg 960w, https:\/\/luzenlapalabra.org\/wp-content\/uploads\/2025\/01\/DANIEL-1-300x169.jpg 300w, https:\/\/luzenlapalabra.org\/wp-content\/uploads\/2025\/01\/DANIEL-1-768x432.jpg 768w\" sizes=\"(max-width: 960px) 100vw, 960px\" \/><\/figure>\n<\/div>\n\n\n<h2 class=\"wp-block-heading has-black-color has-text-color has-link-color wp-elements-3\">Contexto hist\u00f3rico<\/h2>\n\n\n\n<p class=\"has-black-color has-text-color has-link-color wp-elements-4 wp-block-paragraph\">Para comenzar, voy a introducir este libro analizando los acontecimientos hist\u00f3ricos importantes que condujeron a la \u00e9poca de Daniel. Entre estos est\u00e1n el momento en que David tom\u00f3 Jerusal\u00e9n, la divisi\u00f3n del reino de Israel, la victoria de Nabucodonosor en la batalla de Carquemis 606 a.C, y la destrucci\u00f3n del templo de Jerusal\u00e9n alrededor del a\u00f1or 586 a.C. Tambi\u00e9n veremos una linea de tiempo que muestra las deportaciones de los jud\u00edos, as\u00ed como la fecha en que culmina el Imperio Babil\u00f3nico, y el comienzo del Imperio Persa.<\/p>\n\n\n<div class=\"wp-block-image\">\n<figure class=\"aligncenter size-full is-resized\"><img decoding=\"async\" width=\"984\" height=\"590\" src=\"https:\/\/luzenlapalabra.org\/wp-content\/uploads\/2025\/01\/Screenshot-2025-01-01-173006.jpg\" alt=\"\" class=\"wp-image-4289\" style=\"width:550px;height:auto\" srcset=\"https:\/\/luzenlapalabra.org\/wp-content\/uploads\/2025\/01\/Screenshot-2025-01-01-173006.jpg 984w, https:\/\/luzenlapalabra.org\/wp-content\/uploads\/2025\/01\/Screenshot-2025-01-01-173006-300x180.jpg 300w, https:\/\/luzenlapalabra.org\/wp-content\/uploads\/2025\/01\/Screenshot-2025-01-01-173006-768x460.jpg 768w\" sizes=\"(max-width: 984px) 100vw, 984px\" \/><\/figure>\n<\/div>\n\n\n<h2 class=\"wp-block-heading\">Estructura de Daniel<\/h2>\n\n\n\n<ul class=\"wp-block-list\">\n<li class=\"has-black-color has-text-color has-link-color wp-elements-5\">Los cap\u00edtulos 1 al 6 contienen relatos hist\u00f3ricos. <\/li>\n\n\n\n<li class=\"has-black-color has-text-color has-link-color wp-elements-6\">Los cap\u00edtulos 7 al 12 contienen visiones prof\u00e9ticas.<\/li>\n<\/ul>\n\n\n\n<h2 class=\"wp-block-heading\">El cautiverio de Daniel<\/h2>\n\n\n\n<ul class=\"wp-block-list\">\n<li class=\"has-black-color has-text-color has-link-color wp-elements-7\">Daniel fue llevado cautivo a Babilonia, donde se enfrent\u00f3 a una nueva cultura y un nuevo idioma.<\/li>\n\n\n\n<li class=\"has-black-color has-text-color has-link-color wp-elements-8\">A \u00e9l y a sus amigos se les dieron nuevos nombres para borrar su identidad jud\u00eda.<\/li>\n<\/ul>\n\n\n\n<p class=\"has-black-color has-text-color has-link-color wp-elements-9 wp-block-paragraph\">El cap\u00edtulo 1 nos muestra que a pesar de haber enfrentado grandes desaf\u00edos, Dios ten\u00eda un plan para Daniel y sus amigos que iba a ser para gloria de su nombre. Como dice en <a href=\"https:\/\/www.biblegateway.com\/passage\/?search=Romanos%208%3A28&amp;version=RVR1960\" target=\"_blank\" rel=\"noopener\" title=\"\"><strong>Romanos 8:28<\/strong><\/a>, \u201cque a los que aman a Dios, todas las cosas les ayudan a bien.\u201d<\/p>\n\n\n\n<h2 class=\"wp-block-heading\">La resoluci\u00f3n de Daniel<\/h2>\n\n\n\n<ul class=\"wp-block-list\">\n<li class=\"has-black-color has-text-color has-link-color wp-elements-10\">Daniel propuso no contaminarse con la comida del rey, demostrando as\u00ed su compromiso con las leyes de Dios.<\/li>\n\n\n\n<li class=\"has-black-color has-text-color has-link-color wp-elements-11\">Dios le concedi\u00f3 a Daniel el favor del jefe de los eunucos.<\/li>\n<\/ul>\n\n\n\n<h2 class=\"wp-block-heading\">Significado de los nombres<\/h2>\n\n\n\n<ul class=\"wp-block-list\">\n<li class=\"has-black-color has-text-color has-link-color wp-elements-12\">En este estudio veremos los significados de los nombres hebreos originales de Daniel y sus amigos, que honraban a Dios.<\/li>\n\n\n\n<li class=\"has-black-color has-text-color has-link-color wp-elements-13\">Y como sus nuevos nombres babil\u00f3nicos estaban asociados con deidades paganas.<\/li>\n<\/ul>\n\n\n<div class=\"wp-block-image\">\n<figure class=\"aligncenter size-full is-resized\"><img decoding=\"async\" width=\"960\" height=\"540\" src=\"https:\/\/luzenlapalabra.org\/wp-content\/uploads\/2025\/01\/DANIEL-11.jpg\" alt=\"\" class=\"wp-image-4287\" style=\"width:498px;height:auto\" srcset=\"https:\/\/luzenlapalabra.org\/wp-content\/uploads\/2025\/01\/DANIEL-11.jpg 960w, https:\/\/luzenlapalabra.org\/wp-content\/uploads\/2025\/01\/DANIEL-11-300x169.jpg 300w, https:\/\/luzenlapalabra.org\/wp-content\/uploads\/2025\/01\/DANIEL-11-768x432.jpg 768w\" sizes=\"(max-width: 960px) 100vw, 960px\" \/><\/figure>\n<\/div>\n\n\n<h2 class=\"wp-block-heading\">Identidad espiritual<\/h2>\n\n\n\n<p class=\"has-black-color has-text-color has-link-color wp-elements-14 wp-block-paragraph\">El texto enfatiza la importancia de mantener la propia identidad espiritual a pesar de las presiones externas.<\/p>\n\n\n\n<p class=\"has-black-color has-text-color has-link-color wp-elements-15 wp-block-paragraph\">Este resumen proporciona una descripci\u00f3n general completa de este episodio acerca del libro de Daniel, destacando su contexto hist\u00f3rico, estructura y temas clave introducidos en el primer cap\u00edtulo.<\/p>\n","protected":false},"excerpt":{"rendered":"<p>En esta transmisi\u00f3n de LUZ EN LA PALABRA comenzamos una nueva serie de estudios b\u00edblicos sobre el libro de Daniel. La cantidad de informaci\u00f3n es demasiado extensa para poder incluirla en esta publicaci\u00f3n. Por eso quiero presentar algunos de los puntos clave que se encuentran en este video. Contexto hist\u00f3rico&#8230;<\/p>\n","protected":false},"author":1,"featured_media":0,"comment_status":"open","ping_status":"open","sticky":true,"template":"","format":"standard","meta":{"_monsterinsights_skip_tracking":false,"_jetpack_newsletter_access":"","_jetpack_dont_email_post_to_subs":false,"_jetpack_newsletter_tier_id":0,"_jetpack_memberships_contains_paywalled_content":false,"_jetpack_memberships_contains_paid_content":false,"footnotes":""},"categories":[5],"tags":[50,495,172,315],"class_list":["post-4283","post","type-post","status-publish","format-standard","hentry","category-estudio-biblico","tag-babilonia","tag-daniel-1","tag-estudio-biblico","tag-nabucodonosor"],"aioseo_notices":[],"aioseo_head":"\n\t\t<!-- All in One SEO 5.0.0.1 - aioseo.com -->\n\t<meta name=\"description\" content=\"El texto presenta una nueva serie de estudios sobre el libro de Daniel, centr\u00e1ndose en su primer cap\u00edtulo y explorando c\u00f3mo Dios obr\u00f3 en la vida de Daniel.\" \/>\n\t<meta name=\"robots\" content=\"max-image-preview:large\" \/>\n\t<meta name=\"author\" content=\"Gerson Pe\u00f1a\"\/>\n\t<meta name=\"google-site-verification\" content=\"ap-dpob6JH9EkqK1-PRs-pAzpDuFus3DqbuO7MvKCRw\" \/>\n\t<link rel=\"canonical\" href=\"https:\/\/luzenlapalabra.org\/?p=4283\" \/>\n\t<meta name=\"generator\" content=\"All in One SEO (AIOSEO) 5.0.0.1\" \/>\n\t\t<meta property=\"og:locale\" content=\"es_ES\" \/>\n\t\t<meta property=\"og:site_name\" content=\"Luz en la Palabra - Estudios B\u00edblicos para Vivir\" \/>\n\t\t<meta property=\"og:type\" content=\"article\" \/>\n\t\t<meta property=\"og:title\" content=\"Estudio B\u00edblico del Libro de Daniel \u2013 cap\u00edtulo 1\" \/>\n\t\t<meta property=\"og:description\" content=\"El texto presenta una nueva serie de estudios sobre el libro de Daniel, centr\u00e1ndose en su primer cap\u00edtulo y explorando c\u00f3mo Dios obr\u00f3 en la vida de Daniel.\" \/>\n\t\t<meta property=\"og:url\" content=\"https:\/\/luzenlapalabra.org\/?p=4283\" \/>\n\t\t<meta property=\"og:image\" content=\"https:\/\/luzenlapalabra.org\/wp-content\/uploads\/2023\/05\/LOGO1-e1684173947646.png\" \/>\n\t\t<meta property=\"og:image:secure_url\" content=\"https:\/\/luzenlapalabra.org\/wp-content\/uploads\/2023\/05\/LOGO1-e1684173947646.png\" \/>\n\t\t<meta property=\"og:image:width\" content=\"200\" \/>\n\t\t<meta property=\"og:image:height\" content=\"200\" \/>\n\t\t<meta property=\"article:published_time\" content=\"2025-01-01T18:24:00+00:00\" \/>\n\t\t<meta property=\"article:modified_time\" content=\"2025-01-01T23:48:44+00:00\" \/>\n\t\t<meta name=\"twitter:card\" content=\"summary_large_image\" \/>\n\t\t<meta name=\"twitter:site\" content=\"@LuzenlaPalabra7\" \/>\n\t\t<meta name=\"twitter:title\" content=\"Estudio B\u00edblico del Libro de Daniel \u2013 cap\u00edtulo 1\" \/>\n\t\t<meta name=\"twitter:description\" content=\"El texto presenta una nueva serie de estudios sobre el libro de Daniel, centr\u00e1ndose en su primer cap\u00edtulo y explorando c\u00f3mo Dios obr\u00f3 en la vida de Daniel.\" \/>\n\t\t<meta name=\"twitter:creator\" content=\"@LuzenlaPalabra7\" \/>\n\t\t<meta name=\"twitter:image\" content=\"https:\/\/luzenlapalabra.org\/wp-content\/uploads\/2023\/05\/cropped-luz-en-la-palabra20-e1683215748828.png\" \/>\n\t\t<script type=\"application\/ld+json\" class=\"aioseo-schema\">\n\t\t\t{\"@context\":\"https:\\\/\\\/schema.org\",\"@graph\":[{\"@type\":\"BlogPosting\",\"@id\":\"https:\\\/\\\/luzenlapalabra.org\\\/?p=4283#blogposting\",\"name\":\"Estudio B\\u00edblico del Libro de Daniel \\u2013 cap\\u00edtulo 1\",\"headline\":\"Estudio B\\u00edblico del Libro de Daniel &#8211; cap\\u00edtulo 1\",\"author\":{\"@id\":\"https:\\\/\\\/luzenlapalabra.org\\\/?author=1#author\"},\"publisher\":{\"@id\":\"https:\\\/\\\/luzenlapalabra.org\\\/#organization\"},\"image\":{\"@type\":\"ImageObject\",\"url\":\"https:\\\/\\\/luzenlapalabra.org\\\/wp-content\\\/uploads\\\/2025\\\/01\\\/DANIEL-1.jpg\",\"@id\":\"https:\\\/\\\/luzenlapalabra.org\\\/?p=4283\\\/#articleImage\",\"width\":960,\"height\":540},\"datePublished\":\"2025-01-01T18:24:00-04:00\",\"dateModified\":\"2025-01-01T23:48:44-04:00\",\"inLanguage\":\"es-DO\",\"mainEntityOfPage\":{\"@id\":\"https:\\\/\\\/luzenlapalabra.org\\\/?p=4283#webpage\"},\"isPartOf\":{\"@id\":\"https:\\\/\\\/luzenlapalabra.org\\\/?p=4283#webpage\"},\"articleSection\":\"Estudio B\\u00edblico, Babilonia, Daniel 1, Estudio B\\u00edblico, Nabucodonosor\"},{\"@type\":\"BreadcrumbList\",\"@id\":\"https:\\\/\\\/luzenlapalabra.org\\\/?p=4283#breadcrumblist\",\"itemListElement\":[{\"@type\":\"ListItem\",\"@id\":\"https:\\\/\\\/luzenlapalabra.org#listItem\",\"position\":1,\"name\":\"Home\",\"item\":\"https:\\\/\\\/luzenlapalabra.org\",\"nextItem\":{\"@type\":\"ListItem\",\"@id\":\"https:\\\/\\\/luzenlapalabra.org\\\/?cat=5#listItem\",\"name\":\"Estudio B\\u00edblico\"}},{\"@type\":\"ListItem\",\"@id\":\"https:\\\/\\\/luzenlapalabra.org\\\/?cat=5#listItem\",\"position\":2,\"name\":\"Estudio B\\u00edblico\",\"item\":\"https:\\\/\\\/luzenlapalabra.org\\\/?cat=5\",\"nextItem\":{\"@type\":\"ListItem\",\"@id\":\"https:\\\/\\\/luzenlapalabra.org\\\/?p=4283#listItem\",\"name\":\"Estudio B\\u00edblico del Libro de Daniel &#8211; cap\\u00edtulo 1\"},\"previousItem\":{\"@type\":\"ListItem\",\"@id\":\"https:\\\/\\\/luzenlapalabra.org#listItem\",\"name\":\"Home\"}},{\"@type\":\"ListItem\",\"@id\":\"https:\\\/\\\/luzenlapalabra.org\\\/?p=4283#listItem\",\"position\":3,\"name\":\"Estudio B\\u00edblico del Libro de Daniel &#8211; cap\\u00edtulo 1\",\"previousItem\":{\"@type\":\"ListItem\",\"@id\":\"https:\\\/\\\/luzenlapalabra.org\\\/?cat=5#listItem\",\"name\":\"Estudio B\\u00edblico\"}}]},{\"@type\":\"Organization\",\"@id\":\"https:\\\/\\\/luzenlapalabra.org\\\/#organization\",\"name\":\"LUZ EN LA PALABRA\",\"description\":\"Estudios B\\u00edblicos para Vivir\",\"url\":\"https:\\\/\\\/luzenlapalabra.org\\\/\",\"logo\":{\"@type\":\"ImageObject\",\"url\":\"https:\\\/\\\/luzenlapalabra.org\\\/wp-content\\\/uploads\\\/2023\\\/09\\\/cropped-Elegant-Circle-Signature-Photography-Logo.png\",\"@id\":\"https:\\\/\\\/luzenlapalabra.org\\\/?p=4283\\\/#organizationLogo\",\"width\":200,\"height\":200},\"image\":{\"@id\":\"https:\\\/\\\/luzenlapalabra.org\\\/?p=4283\\\/#organizationLogo\"},\"sameAs\":[\"https:\\\/\\\/twitter.com\\\/LuzenlaPalabra7\",\"https:\\\/\\\/youtube.com\\\/luzenlapalabra\"]},{\"@type\":\"Person\",\"@id\":\"https:\\\/\\\/luzenlapalabra.org\\\/?author=1#author\",\"url\":\"https:\\\/\\\/luzenlapalabra.org\\\/?author=1\",\"name\":\"Gerson Pe\\u00f1a\",\"image\":{\"@type\":\"ImageObject\",\"@id\":\"https:\\\/\\\/luzenlapalabra.org\\\/?p=4283#authorImage\",\"url\":\"https:\\\/\\\/secure.gravatar.com\\\/avatar\\\/de4c922e08e136bc3360798e6d6b54cd786e7bb6c1881b52114811d0a3af7147?s=96&d=mm&r=g\",\"width\":96,\"height\":96,\"caption\":\"Gerson Pe\\u00f1a\"}},{\"@type\":\"WebPage\",\"@id\":\"https:\\\/\\\/luzenlapalabra.org\\\/?p=4283#webpage\",\"url\":\"https:\\\/\\\/luzenlapalabra.org\\\/?p=4283\",\"name\":\"Estudio B\\u00edblico del Libro de Daniel \\u2013 cap\\u00edtulo 1\",\"description\":\"El texto presenta una nueva serie de estudios sobre el libro de Daniel, centr\\u00e1ndose en su primer cap\\u00edtulo y explorando c\\u00f3mo Dios obr\\u00f3 en la vida de Daniel.\",\"inLanguage\":\"es-DO\",\"isPartOf\":{\"@id\":\"https:\\\/\\\/luzenlapalabra.org\\\/#website\"},\"breadcrumb\":{\"@id\":\"https:\\\/\\\/luzenlapalabra.org\\\/?p=4283#breadcrumblist\"},\"author\":{\"@id\":\"https:\\\/\\\/luzenlapalabra.org\\\/?author=1#author\"},\"creator\":{\"@id\":\"https:\\\/\\\/luzenlapalabra.org\\\/?author=1#author\"},\"datePublished\":\"2025-01-01T18:24:00-04:00\",\"dateModified\":\"2025-01-01T23:48:44-04:00\"},{\"@type\":\"WebSite\",\"@id\":\"https:\\\/\\\/luzenlapalabra.org\\\/#website\",\"url\":\"https:\\\/\\\/luzenlapalabra.org\\\/\",\"name\":\"LUZ EN LA PALABRA\",\"description\":\"Estudios B\\u00edblicos para Vivir\",\"inLanguage\":\"es-DO\",\"publisher\":{\"@id\":\"https:\\\/\\\/luzenlapalabra.org\\\/#organization\"}}]}\n\t\t<\/script>\n\t\t<!-- All in One SEO -->\n\n","aioseo_head_json":{"title":"Estudio B\u00edblico del Libro de Daniel \u2013 cap\u00edtulo 1","description":"El texto presenta una nueva serie de estudios sobre el libro de Daniel, centr\u00e1ndose en su primer cap\u00edtulo y explorando c\u00f3mo Dios obr\u00f3 en la vida de Daniel.","canonical_url":"https:\/\/luzenlapalabra.org\/?p=4283","robots":"max-image-preview:large","keywords":"","webmasterTools":{"google-site-verification":"ap-dpob6JH9EkqK1-PRs-pAzpDuFus3DqbuO7MvKCRw","miscellaneous":""},"schema":{"@context":"https:\/\/schema.org","@graph":[{"@type":"BlogPosting","@id":"https:\/\/luzenlapalabra.org\/?p=4283#blogposting","name":"Estudio B\u00edblico del Libro de Daniel \u2013 cap\u00edtulo 1","headline":"Estudio B\u00edblico del Libro de Daniel &#8211; cap\u00edtulo 1","author":{"@id":"https:\/\/luzenlapalabra.org\/?author=1#author"},"publisher":{"@id":"https:\/\/luzenlapalabra.org\/#organization"},"image":{"@type":"ImageObject","url":"https:\/\/luzenlapalabra.org\/wp-content\/uploads\/2025\/01\/DANIEL-1.jpg","@id":"https:\/\/luzenlapalabra.org\/?p=4283\/#articleImage","width":960,"height":540},"datePublished":"2025-01-01T18:24:00-04:00","dateModified":"2025-01-01T23:48:44-04:00","inLanguage":"es-DO","mainEntityOfPage":{"@id":"https:\/\/luzenlapalabra.org\/?p=4283#webpage"},"isPartOf":{"@id":"https:\/\/luzenlapalabra.org\/?p=4283#webpage"},"articleSection":"Estudio B\u00edblico, Babilonia, Daniel 1, Estudio B\u00edblico, Nabucodonosor"},{"@type":"BreadcrumbList","@id":"https:\/\/luzenlapalabra.org\/?p=4283#breadcrumblist","itemListElement":[{"@type":"ListItem","@id":"https:\/\/luzenlapalabra.org#listItem","position":1,"name":"Home","item":"https:\/\/luzenlapalabra.org","nextItem":{"@type":"ListItem","@id":"https:\/\/luzenlapalabra.org\/?cat=5#listItem","name":"Estudio B\u00edblico"}},{"@type":"ListItem","@id":"https:\/\/luzenlapalabra.org\/?cat=5#listItem","position":2,"name":"Estudio B\u00edblico","item":"https:\/\/luzenlapalabra.org\/?cat=5","nextItem":{"@type":"ListItem","@id":"https:\/\/luzenlapalabra.org\/?p=4283#listItem","name":"Estudio B\u00edblico del Libro de Daniel &#8211; cap\u00edtulo 1"},"previousItem":{"@type":"ListItem","@id":"https:\/\/luzenlapalabra.org#listItem","name":"Home"}},{"@type":"ListItem","@id":"https:\/\/luzenlapalabra.org\/?p=4283#listItem","position":3,"name":"Estudio B\u00edblico del Libro de Daniel &#8211; cap\u00edtulo 1","previousItem":{"@type":"ListItem","@id":"https:\/\/luzenlapalabra.org\/?cat=5#listItem","name":"Estudio B\u00edblico"}}]},{"@type":"Organization","@id":"https:\/\/luzenlapalabra.org\/#organization","name":"LUZ EN LA PALABRA","description":"Estudios B\u00edblicos para Vivir","url":"https:\/\/luzenlapalabra.org\/","logo":{"@type":"ImageObject","url":"https:\/\/luzenlapalabra.org\/wp-content\/uploads\/2023\/09\/cropped-Elegant-Circle-Signature-Photography-Logo.png","@id":"https:\/\/luzenlapalabra.org\/?p=4283\/#organizationLogo","width":200,"height":200},"image":{"@id":"https:\/\/luzenlapalabra.org\/?p=4283\/#organizationLogo"},"sameAs":["https:\/\/twitter.com\/LuzenlaPalabra7","https:\/\/youtube.com\/luzenlapalabra"]},{"@type":"Person","@id":"https:\/\/luzenlapalabra.org\/?author=1#author","url":"https:\/\/luzenlapalabra.org\/?author=1","name":"Gerson Pe\u00f1a","image":{"@type":"ImageObject","@id":"https:\/\/luzenlapalabra.org\/?p=4283#authorImage","url":"https:\/\/secure.gravatar.com\/avatar\/de4c922e08e136bc3360798e6d6b54cd786e7bb6c1881b52114811d0a3af7147?s=96&d=mm&r=g","width":96,"height":96,"caption":"Gerson Pe\u00f1a"}},{"@type":"WebPage","@id":"https:\/\/luzenlapalabra.org\/?p=4283#webpage","url":"https:\/\/luzenlapalabra.org\/?p=4283","name":"Estudio B\u00edblico del Libro de Daniel \u2013 cap\u00edtulo 1","description":"El texto presenta una nueva serie de estudios sobre el libro de Daniel, centr\u00e1ndose en su primer cap\u00edtulo y explorando c\u00f3mo Dios obr\u00f3 en la vida de Daniel.","inLanguage":"es-DO","isPartOf":{"@id":"https:\/\/luzenlapalabra.org\/#website"},"breadcrumb":{"@id":"https:\/\/luzenlapalabra.org\/?p=4283#breadcrumblist"},"author":{"@id":"https:\/\/luzenlapalabra.org\/?author=1#author"},"creator":{"@id":"https:\/\/luzenlapalabra.org\/?author=1#author"},"datePublished":"2025-01-01T18:24:00-04:00","dateModified":"2025-01-01T23:48:44-04:00"},{"@type":"WebSite","@id":"https:\/\/luzenlapalabra.org\/#website","url":"https:\/\/luzenlapalabra.org\/","name":"LUZ EN LA PALABRA","description":"Estudios B\u00edblicos para Vivir","inLanguage":"es-DO","publisher":{"@id":"https:\/\/luzenlapalabra.org\/#organization"}}]},"og:locale":"es_ES","og:site_name":"Luz en la Palabra - Estudios B\u00edblicos para Vivir","og:type":"article","og:title":"Estudio B\u00edblico del Libro de Daniel \u2013 cap\u00edtulo 1","og:description":"El texto presenta una nueva serie de estudios sobre el libro de Daniel, centr\u00e1ndose en su primer cap\u00edtulo y explorando c\u00f3mo Dios obr\u00f3 en la vida de Daniel.","og:url":"https:\/\/luzenlapalabra.org\/?p=4283","og:image":"https:\/\/luzenlapalabra.org\/wp-content\/uploads\/2023\/05\/LOGO1-e1684173947646.png","og:image:secure_url":"https:\/\/luzenlapalabra.org\/wp-content\/uploads\/2023\/05\/LOGO1-e1684173947646.png","og:image:width":200,"og:image:height":200,"article:published_time":"2025-01-01T18:24:00+00:00","article:modified_time":"2025-01-01T23:48:44+00:00","twitter:card":"summary_large_image","twitter:site":"@LuzenlaPalabra7","twitter:title":"Estudio B\u00edblico del Libro de Daniel \u2013 cap\u00edtulo 1","twitter:description":"El texto presenta una nueva serie de estudios sobre el libro de Daniel, centr\u00e1ndose en su primer cap\u00edtulo y explorando c\u00f3mo Dios obr\u00f3 en la vida de Daniel.","twitter:creator":"@LuzenlaPalabra7","twitter:image":"https:\/\/luzenlapalabra.org\/wp-content\/uploads\/2023\/05\/cropped-luz-en-la-palabra20-e1683215748828.png"},"aioseo_meta_data":{"post_id":"4283","title":"#post_title","description":"El texto presenta una nueva serie de estudios sobre el libro de Daniel, centr\u00e1ndose en su primer cap\u00edtulo y explorando c\u00f3mo Dios obr\u00f3 en la vida de Daniel.","keywords":null,"keyphrases":{"focus":{"keyphrase":"","score":41,"analysis":{"keyphraseInTitle":{"score":3,"maxScore":9,"error":1},"keyphraseInDescription":{"score":9,"maxScore":9,"error":0},"keyphraseLength":{"score":6,"maxScore":9,"error":1,"length":8},"keyphraseInURL":{"score":1,"maxScore":5,"error":1},"keyphraseInIntroduction":{"score":3,"maxScore":9,"error":1},"keyphraseInSubHeadings":{"score":3,"maxScore":9,"error":1},"keyphraseInImageAlt":{"score":3,"maxScore":9,"error":1},"keywordDensity":{"score":0,"type":"low","maxScore":9,"error":1}}},"additional":[]},"primary_term":null,"canonical_url":null,"og_title":null,"og_description":null,"og_object_type":"default","og_image_type":"default","og_image_url":null,"og_image_width":null,"og_image_height":null,"og_image_custom_url":null,"og_image_custom_fields":null,"og_video":"","og_custom_url":null,"og_article_section":null,"og_article_tags":null,"twitter_use_og":false,"twitter_card":"default","twitter_image_type":"default","twitter_image_url":null,"twitter_image_custom_url":null,"twitter_image_custom_fields":null,"twitter_title":null,"twitter_description":null,"schema":{"blockGraphs":[],"customGraphs":[],"default":{"data":{"Article":[],"Course":[],"Dataset":[],"FAQPage":[],"Movie":[],"Person":[],"Product":[],"ProductReview":[],"Car":[],"Recipe":[],"Service":[],"SoftwareApplication":[],"WebPage":[]},"graphName":"BlogPosting","isEnabled":true},"graphs":[]},"schema_type":"default","schema_type_options":null,"pillar_content":false,"robots_default":true,"robots_noindex":false,"robots_noarchive":false,"robots_nosnippet":false,"robots_nofollow":false,"robots_noimageindex":false,"robots_noodp":false,"robots_notranslate":false,"robots_max_snippet":"-1","robots_max_videopreview":"-1","robots_max_imagepreview":"large","priority":null,"frequency":"default","local_seo":null,"breadcrumb_settings":null,"limit_modified_date":false,"ai":null,"created":"2025-01-01 21:32:14","updated":"2025-07-12 04:40:50","focus_keyword":null,"additional_keywords":null,"truseo_locale":null,"seo_analyzer_scan_date":null},"aioseo_breadcrumb":"<div class=\"aioseo-breadcrumbs\"><span class=\"aioseo-breadcrumb\">\n\t\t\t<a href=\"https:\/\/luzenlapalabra.org\" title=\"Home\">Home<\/a>\n\t\t<\/span><span class=\"aioseo-breadcrumb-separator\">&raquo;<\/span><span class=\"aioseo-breadcrumb\">\n\t\t\t<a href=\"https:\/\/luzenlapalabra.org\/?cat=5\" title=\"Estudio B\u00edblico\">Estudio B\u00edblico<\/a>\n\t\t<\/span><span class=\"aioseo-breadcrumb-separator\">&raquo;<\/span><span class=\"aioseo-breadcrumb\">\n\t\t\tEstudio B\u00edblico del Libro de Daniel \u2013 cap\u00edtulo 1\n\t\t<\/span><\/div>","aioseo_breadcrumb_json":[{"label":"Home","link":"https:\/\/luzenlapalabra.org"},{"label":"Estudio B\u00edblico","link":"https:\/\/luzenlapalabra.org\/?cat=5"},{"label":"Estudio B\u00edblico del Libro de Daniel &#8211; cap\u00edtulo 1","link":"https:\/\/luzenlapalabra.org\/?p=4283"}],"jetpack_sharing_enabled":true,"jetpack_featured_media_url":"","_links":{"self":[{"href":"https:\/\/luzenlapalabra.org\/index.php?rest_route=\/wp\/v2\/posts\/4283","targetHints":{"allow":["GET"]}}],"collection":[{"href":"https:\/\/luzenlapalabra.org\/index.php?rest_route=\/wp\/v2\/posts"}],"about":[{"href":"https:\/\/luzenlapalabra.org\/index.php?rest_route=\/wp\/v2\/types\/post"}],"author":[{"embeddable":true,"href":"https:\/\/luzenlapalabra.org\/index.php?rest_route=\/wp\/v2\/users\/1"}],"replies":[{"embeddable":true,"href":"https:\/\/luzenlapalabra.org\/index.php?rest_route=%2Fwp%2Fv2%2Fcomments&post=4283"}],"version-history":[{"count":6,"href":"https:\/\/luzenlapalabra.org\/index.php?rest_route=\/wp\/v2\/posts\/4283\/revisions"}],"predecessor-version":[{"id":4292,"href":"https:\/\/luzenlapalabra.org\/index.php?rest_route=\/wp\/v2\/posts\/4283\/revisions\/4292"}],"wp:attachment":[{"href":"https:\/\/luzenlapalabra.org\/index.php?rest_route=%2Fwp%2Fv2%2Fmedia&parent=4283"}],"wp:term":[{"taxonomy":"category","embeddable":true,"href":"https:\/\/luzenlapalabra.org\/index.php?rest_route=%2Fwp%2Fv2%2Fcategories&post=4283"},{"taxonomy":"post_tag","embeddable":true,"href":"https:\/\/luzenlapalabra.org\/index.php?rest_route=%2Fwp%2Fv2%2Ftags&post=4283"}],"curies":[{"name":"wp","href":"https:\/\/api.w.org\/{rel}","templated":true}]}}