{"id":1272,"date":"2015-05-20T10:15:26","date_gmt":"2015-05-20T14:15:26","guid":{"rendered":"http:\/\/luzenlapalabra.org\/?p=1272"},"modified":"2015-05-20T10:15:26","modified_gmt":"2015-05-20T14:15:26","slug":"vanidad-o-proposito-podcast","status":"publish","type":"post","link":"https:\/\/luzenlapalabra.org\/?p=1272","title":{"rendered":"VANIDAD O PROP\u00d3SITO (PODCAST)"},"content":{"rendered":"<audio class=\"wp-audio-shortcode\" id=\"audio-1272-1\" preload=\"none\" style=\"width: 100%;\" controls=\"controls\"><source type=\"audio\/mpeg\" src=\"https:\/\/logoslight.files.wordpress.com\/2015\/05\/vrp-20150519-234134.mp3?_=1\" \/><a href=\"https:\/\/logoslight.files.wordpress.com\/2015\/05\/vrp-20150519-234134.mp3\">https:\/\/logoslight.files.wordpress.com\/2015\/05\/vrp-20150519-234134.mp3<\/a><\/audio>\n<p><a href=\"https:\/\/logoslight.files.wordpress.com\/2015\/02\/wpid-photo-20150224021931053.jpg\"><img decoding=\"async\" class=\"  wp-image-1237 alignleft\" src=\"https:\/\/logoslight.files.wordpress.com\/2015\/02\/wpid-photo-20150224021931053.jpg?w=300\" alt=\"wpid-Photo-20150224021931053.jpg\" width=\"181\" height=\"96\" srcset=\"https:\/\/luzenlapalabra.org\/wp-content\/uploads\/2015\/02\/wpid-photo-20150224021931053.jpg 650w, https:\/\/luzenlapalabra.org\/wp-content\/uploads\/2015\/02\/wpid-photo-20150224021931053-300x159.jpg 300w\" sizes=\"(max-width: 181px) 100vw, 181px\" \/><\/a>En la Biblia encontramos un libro llamado Eclesiast\u00e9s, el cual tiene como tema principal la vanidad de todo lo que se hace debajo del sol sin tener una relaci\u00f3n con Dios. Al meditar en su mensaje, debemos preguntarnos como estamos viviendo nuestras vidas, si \u00bfen vanidad o prop\u00f3sito?<\/p>\n","protected":false},"excerpt":{"rendered":"<p>En la Biblia encontramos un libro llamado Eclesiast\u00e9s, el cual tiene como tema principal la vanidad de todo lo que se hace debajo del sol sin tener una relaci\u00f3n con Dios. Al meditar en su mensaje, debemos preguntarnos como estamos viviendo nuestras vidas, si \u00bfen vanidad o prop\u00f3sito?<\/p>\n","protected":false},"author":1,"featured_media":0,"comment_status":"open","ping_status":"open","sticky":false,"template":"","format":"standard","meta":{"_monsterinsights_skip_tracking":false,"_jetpack_newsletter_access":"","_jetpack_dont_email_post_to_subs":false,"_jetpack_newsletter_tier_id":0,"_jetpack_memberships_contains_paywalled_content":false,"_jetpack_memberships_contains_paid_content":false,"footnotes":""},"categories":[8],"tags":[60,131,359,373,459,465],"class_list":["post-1272","post","type-post","status-publish","format-standard","hentry","category-podcast","tag-biblia","tag-eclesiastes","tag-podcast","tag-proposito","tag-vanidad","tag-vida"],"aioseo_notices":[],"aioseo_head":"\n\t\t<!-- All in One SEO 5.0.0.1 - aioseo.com -->\n\t<meta name=\"description\" content=\"En la Biblia encontramos un libro llamado Eclesiast\u00e9s, el cual tiene como tema principal la vanidad de todo lo que se hace debajo del sol sin tener una relaci\u00f3n con Dios. Al meditar en su mensaje, debemos preguntarnos como estamos viviendo nuestras vidas, si \u00bfen vanidad o prop\u00f3sito?\" \/>\n\t<meta name=\"robots\" content=\"max-image-preview:large\" \/>\n\t<meta name=\"author\" content=\"Gerson Pe\u00f1a\"\/>\n\t<meta name=\"google-site-verification\" content=\"ap-dpob6JH9EkqK1-PRs-pAzpDuFus3DqbuO7MvKCRw\" \/>\n\t<link rel=\"canonical\" href=\"https:\/\/luzenlapalabra.org\/?p=1272\" \/>\n\t<meta name=\"generator\" content=\"All in One SEO (AIOSEO) 5.0.0.1\" \/>\n\t\t<meta property=\"og:locale\" content=\"es_ES\" \/>\n\t\t<meta property=\"og:site_name\" content=\"Luz en la Palabra - Estudios B\u00edblicos para Vivir\" \/>\n\t\t<meta property=\"og:type\" content=\"article\" \/>\n\t\t<meta property=\"og:title\" content=\"VANIDAD O PROP\u00d3SITO (PODCAST) - Luz en la Palabra\" \/>\n\t\t<meta property=\"og:description\" content=\"En la Biblia encontramos un libro llamado Eclesiast\u00e9s, el cual tiene como tema principal la vanidad de todo lo que se hace debajo del sol sin tener una relaci\u00f3n con Dios. Al meditar en su mensaje, debemos preguntarnos como estamos viviendo nuestras vidas, si \u00bfen vanidad o prop\u00f3sito?\" \/>\n\t\t<meta property=\"og:url\" content=\"https:\/\/luzenlapalabra.org\/?p=1272\" \/>\n\t\t<meta property=\"og:image\" content=\"https:\/\/luzenlapalabra.org\/wp-content\/uploads\/2023\/05\/LOGO1-e1684173947646.png\" \/>\n\t\t<meta property=\"og:image:secure_url\" content=\"https:\/\/luzenlapalabra.org\/wp-content\/uploads\/2023\/05\/LOGO1-e1684173947646.png\" \/>\n\t\t<meta property=\"og:image:width\" content=\"200\" \/>\n\t\t<meta property=\"og:image:height\" content=\"200\" \/>\n\t\t<meta property=\"article:published_time\" content=\"2015-05-20T14:15:26+00:00\" \/>\n\t\t<meta property=\"article:modified_time\" content=\"2015-05-20T14:15:26+00:00\" \/>\n\t\t<meta name=\"twitter:card\" content=\"summary_large_image\" \/>\n\t\t<meta name=\"twitter:site\" content=\"@LuzenlaPalabra7\" \/>\n\t\t<meta name=\"twitter:title\" content=\"VANIDAD O PROP\u00d3SITO (PODCAST) - Luz en la Palabra\" \/>\n\t\t<meta name=\"twitter:description\" content=\"En la Biblia encontramos un libro llamado Eclesiast\u00e9s, el cual tiene como tema principal la vanidad de todo lo que se hace debajo del sol sin tener una relaci\u00f3n con Dios. Al meditar en su mensaje, debemos preguntarnos como estamos viviendo nuestras vidas, si \u00bfen vanidad o prop\u00f3sito?\" \/>\n\t\t<meta name=\"twitter:creator\" content=\"@LuzenlaPalabra7\" \/>\n\t\t<meta name=\"twitter:image\" content=\"https:\/\/luzenlapalabra.org\/wp-content\/uploads\/2023\/05\/cropped-luz-en-la-palabra20-e1683215748828.png\" \/>\n\t\t<script type=\"application\/ld+json\" class=\"aioseo-schema\">\n\t\t\t{\"@context\":\"https:\\\/\\\/schema.org\",\"@graph\":[{\"@type\":\"BlogPosting\",\"@id\":\"https:\\\/\\\/luzenlapalabra.org\\\/?p=1272#blogposting\",\"name\":\"VANIDAD O PROP\\u00d3SITO (PODCAST) - Luz en la Palabra\",\"headline\":\"VANIDAD O PROP\\u00d3SITO (PODCAST)\",\"author\":{\"@id\":\"https:\\\/\\\/luzenlapalabra.org\\\/?author=1#author\"},\"publisher\":{\"@id\":\"https:\\\/\\\/luzenlapalabra.org\\\/#organization\"},\"image\":{\"@type\":\"ImageObject\",\"url\":\"https:\\\/\\\/logoslight.files.wordpress.com\\\/2015\\\/02\\\/wpid-photo-20150224021931053.jpg?w=300\",\"@id\":\"https:\\\/\\\/luzenlapalabra.org\\\/?p=1272\\\/#articleImage\"},\"datePublished\":\"2015-05-20T10:15:26-04:00\",\"dateModified\":\"2015-05-20T10:15:26-04:00\",\"inLanguage\":\"es-DO\",\"mainEntityOfPage\":{\"@id\":\"https:\\\/\\\/luzenlapalabra.org\\\/?p=1272#webpage\"},\"isPartOf\":{\"@id\":\"https:\\\/\\\/luzenlapalabra.org\\\/?p=1272#webpage\"},\"articleSection\":\"Podcast, Biblia, Eclesiast\\u00e9s, podcast, prop\\u00f3sito, vanidad, vida\"},{\"@type\":\"BreadcrumbList\",\"@id\":\"https:\\\/\\\/luzenlapalabra.org\\\/?p=1272#breadcrumblist\",\"itemListElement\":[{\"@type\":\"ListItem\",\"@id\":\"https:\\\/\\\/luzenlapalabra.org#listItem\",\"position\":1,\"name\":\"Home\",\"item\":\"https:\\\/\\\/luzenlapalabra.org\",\"nextItem\":{\"@type\":\"ListItem\",\"@id\":\"https:\\\/\\\/luzenlapalabra.org\\\/?cat=8#listItem\",\"name\":\"Podcast\"}},{\"@type\":\"ListItem\",\"@id\":\"https:\\\/\\\/luzenlapalabra.org\\\/?cat=8#listItem\",\"position\":2,\"name\":\"Podcast\",\"item\":\"https:\\\/\\\/luzenlapalabra.org\\\/?cat=8\",\"nextItem\":{\"@type\":\"ListItem\",\"@id\":\"https:\\\/\\\/luzenlapalabra.org\\\/?p=1272#listItem\",\"name\":\"VANIDAD O PROP\\u00d3SITO (PODCAST)\"},\"previousItem\":{\"@type\":\"ListItem\",\"@id\":\"https:\\\/\\\/luzenlapalabra.org#listItem\",\"name\":\"Home\"}},{\"@type\":\"ListItem\",\"@id\":\"https:\\\/\\\/luzenlapalabra.org\\\/?p=1272#listItem\",\"position\":3,\"name\":\"VANIDAD O PROP\\u00d3SITO (PODCAST)\",\"previousItem\":{\"@type\":\"ListItem\",\"@id\":\"https:\\\/\\\/luzenlapalabra.org\\\/?cat=8#listItem\",\"name\":\"Podcast\"}}]},{\"@type\":\"Organization\",\"@id\":\"https:\\\/\\\/luzenlapalabra.org\\\/#organization\",\"name\":\"LUZ EN LA PALABRA\",\"description\":\"Estudios B\\u00edblicos para Vivir\",\"url\":\"https:\\\/\\\/luzenlapalabra.org\\\/\",\"logo\":{\"@type\":\"ImageObject\",\"url\":\"https:\\\/\\\/luzenlapalabra.org\\\/wp-content\\\/uploads\\\/2023\\\/09\\\/cropped-Elegant-Circle-Signature-Photography-Logo.png\",\"@id\":\"https:\\\/\\\/luzenlapalabra.org\\\/?p=1272\\\/#organizationLogo\",\"width\":200,\"height\":200},\"image\":{\"@id\":\"https:\\\/\\\/luzenlapalabra.org\\\/?p=1272\\\/#organizationLogo\"},\"sameAs\":[\"https:\\\/\\\/twitter.com\\\/LuzenlaPalabra7\",\"https:\\\/\\\/youtube.com\\\/luzenlapalabra\"]},{\"@type\":\"Person\",\"@id\":\"https:\\\/\\\/luzenlapalabra.org\\\/?author=1#author\",\"url\":\"https:\\\/\\\/luzenlapalabra.org\\\/?author=1\",\"name\":\"Gerson Pe\\u00f1a\",\"image\":{\"@type\":\"ImageObject\",\"@id\":\"https:\\\/\\\/luzenlapalabra.org\\\/?p=1272#authorImage\",\"url\":\"https:\\\/\\\/secure.gravatar.com\\\/avatar\\\/de4c922e08e136bc3360798e6d6b54cd786e7bb6c1881b52114811d0a3af7147?s=96&d=mm&r=g\",\"width\":96,\"height\":96,\"caption\":\"Gerson Pe\\u00f1a\"}},{\"@type\":\"WebPage\",\"@id\":\"https:\\\/\\\/luzenlapalabra.org\\\/?p=1272#webpage\",\"url\":\"https:\\\/\\\/luzenlapalabra.org\\\/?p=1272\",\"name\":\"VANIDAD O PROP\\u00d3SITO (PODCAST) - Luz en la Palabra\",\"description\":\"En la Biblia encontramos un libro llamado Eclesiast\\u00e9s, el cual tiene como tema principal la vanidad de todo lo que se hace debajo del sol sin tener una relaci\\u00f3n con Dios. Al meditar en su mensaje, debemos preguntarnos como estamos viviendo nuestras vidas, si \\u00bfen vanidad o prop\\u00f3sito?\",\"inLanguage\":\"es-DO\",\"isPartOf\":{\"@id\":\"https:\\\/\\\/luzenlapalabra.org\\\/#website\"},\"breadcrumb\":{\"@id\":\"https:\\\/\\\/luzenlapalabra.org\\\/?p=1272#breadcrumblist\"},\"author\":{\"@id\":\"https:\\\/\\\/luzenlapalabra.org\\\/?author=1#author\"},\"creator\":{\"@id\":\"https:\\\/\\\/luzenlapalabra.org\\\/?author=1#author\"},\"datePublished\":\"2015-05-20T10:15:26-04:00\",\"dateModified\":\"2015-05-20T10:15:26-04:00\"},{\"@type\":\"WebSite\",\"@id\":\"https:\\\/\\\/luzenlapalabra.org\\\/#website\",\"url\":\"https:\\\/\\\/luzenlapalabra.org\\\/\",\"name\":\"LUZ EN LA PALABRA\",\"description\":\"Estudios B\\u00edblicos para Vivir\",\"inLanguage\":\"es-DO\",\"publisher\":{\"@id\":\"https:\\\/\\\/luzenlapalabra.org\\\/#organization\"}}]}\n\t\t<\/script>\n\t\t<!-- All in One SEO -->\n\n","aioseo_head_json":{"title":"VANIDAD O PROP\u00d3SITO (PODCAST) - Luz en la Palabra","description":"En la Biblia encontramos un libro llamado Eclesiast\u00e9s, el cual tiene como tema principal la vanidad de todo lo que se hace debajo del sol sin tener una relaci\u00f3n con Dios. Al meditar en su mensaje, debemos preguntarnos como estamos viviendo nuestras vidas, si \u00bfen vanidad o prop\u00f3sito?","canonical_url":"https:\/\/luzenlapalabra.org\/?p=1272","robots":"max-image-preview:large","keywords":"","webmasterTools":{"google-site-verification":"ap-dpob6JH9EkqK1-PRs-pAzpDuFus3DqbuO7MvKCRw","miscellaneous":""},"schema":{"@context":"https:\/\/schema.org","@graph":[{"@type":"BlogPosting","@id":"https:\/\/luzenlapalabra.org\/?p=1272#blogposting","name":"VANIDAD O PROP\u00d3SITO (PODCAST) - Luz en la Palabra","headline":"VANIDAD O PROP\u00d3SITO (PODCAST)","author":{"@id":"https:\/\/luzenlapalabra.org\/?author=1#author"},"publisher":{"@id":"https:\/\/luzenlapalabra.org\/#organization"},"image":{"@type":"ImageObject","url":"https:\/\/logoslight.files.wordpress.com\/2015\/02\/wpid-photo-20150224021931053.jpg?w=300","@id":"https:\/\/luzenlapalabra.org\/?p=1272\/#articleImage"},"datePublished":"2015-05-20T10:15:26-04:00","dateModified":"2015-05-20T10:15:26-04:00","inLanguage":"es-DO","mainEntityOfPage":{"@id":"https:\/\/luzenlapalabra.org\/?p=1272#webpage"},"isPartOf":{"@id":"https:\/\/luzenlapalabra.org\/?p=1272#webpage"},"articleSection":"Podcast, Biblia, Eclesiast\u00e9s, podcast, prop\u00f3sito, vanidad, vida"},{"@type":"BreadcrumbList","@id":"https:\/\/luzenlapalabra.org\/?p=1272#breadcrumblist","itemListElement":[{"@type":"ListItem","@id":"https:\/\/luzenlapalabra.org#listItem","position":1,"name":"Home","item":"https:\/\/luzenlapalabra.org","nextItem":{"@type":"ListItem","@id":"https:\/\/luzenlapalabra.org\/?cat=8#listItem","name":"Podcast"}},{"@type":"ListItem","@id":"https:\/\/luzenlapalabra.org\/?cat=8#listItem","position":2,"name":"Podcast","item":"https:\/\/luzenlapalabra.org\/?cat=8","nextItem":{"@type":"ListItem","@id":"https:\/\/luzenlapalabra.org\/?p=1272#listItem","name":"VANIDAD O PROP\u00d3SITO (PODCAST)"},"previousItem":{"@type":"ListItem","@id":"https:\/\/luzenlapalabra.org#listItem","name":"Home"}},{"@type":"ListItem","@id":"https:\/\/luzenlapalabra.org\/?p=1272#listItem","position":3,"name":"VANIDAD O PROP\u00d3SITO (PODCAST)","previousItem":{"@type":"ListItem","@id":"https:\/\/luzenlapalabra.org\/?cat=8#listItem","name":"Podcast"}}]},{"@type":"Organization","@id":"https:\/\/luzenlapalabra.org\/#organization","name":"LUZ EN LA PALABRA","description":"Estudios B\u00edblicos para Vivir","url":"https:\/\/luzenlapalabra.org\/","logo":{"@type":"ImageObject","url":"https:\/\/luzenlapalabra.org\/wp-content\/uploads\/2023\/09\/cropped-Elegant-Circle-Signature-Photography-Logo.png","@id":"https:\/\/luzenlapalabra.org\/?p=1272\/#organizationLogo","width":200,"height":200},"image":{"@id":"https:\/\/luzenlapalabra.org\/?p=1272\/#organizationLogo"},"sameAs":["https:\/\/twitter.com\/LuzenlaPalabra7","https:\/\/youtube.com\/luzenlapalabra"]},{"@type":"Person","@id":"https:\/\/luzenlapalabra.org\/?author=1#author","url":"https:\/\/luzenlapalabra.org\/?author=1","name":"Gerson Pe\u00f1a","image":{"@type":"ImageObject","@id":"https:\/\/luzenlapalabra.org\/?p=1272#authorImage","url":"https:\/\/secure.gravatar.com\/avatar\/de4c922e08e136bc3360798e6d6b54cd786e7bb6c1881b52114811d0a3af7147?s=96&d=mm&r=g","width":96,"height":96,"caption":"Gerson Pe\u00f1a"}},{"@type":"WebPage","@id":"https:\/\/luzenlapalabra.org\/?p=1272#webpage","url":"https:\/\/luzenlapalabra.org\/?p=1272","name":"VANIDAD O PROP\u00d3SITO (PODCAST) - Luz en la Palabra","description":"En la Biblia encontramos un libro llamado Eclesiast\u00e9s, el cual tiene como tema principal la vanidad de todo lo que se hace debajo del sol sin tener una relaci\u00f3n con Dios. Al meditar en su mensaje, debemos preguntarnos como estamos viviendo nuestras vidas, si \u00bfen vanidad o prop\u00f3sito?","inLanguage":"es-DO","isPartOf":{"@id":"https:\/\/luzenlapalabra.org\/#website"},"breadcrumb":{"@id":"https:\/\/luzenlapalabra.org\/?p=1272#breadcrumblist"},"author":{"@id":"https:\/\/luzenlapalabra.org\/?author=1#author"},"creator":{"@id":"https:\/\/luzenlapalabra.org\/?author=1#author"},"datePublished":"2015-05-20T10:15:26-04:00","dateModified":"2015-05-20T10:15:26-04:00"},{"@type":"WebSite","@id":"https:\/\/luzenlapalabra.org\/#website","url":"https:\/\/luzenlapalabra.org\/","name":"LUZ EN LA PALABRA","description":"Estudios B\u00edblicos para Vivir","inLanguage":"es-DO","publisher":{"@id":"https:\/\/luzenlapalabra.org\/#organization"}}]},"og:locale":"es_ES","og:site_name":"Luz en la Palabra - Estudios B\u00edblicos para Vivir","og:type":"article","og:title":"VANIDAD O PROP\u00d3SITO (PODCAST) - Luz en la Palabra","og:description":"En la Biblia encontramos un libro llamado Eclesiast\u00e9s, el cual tiene como tema principal la vanidad de todo lo que se hace debajo del sol sin tener una relaci\u00f3n con Dios. Al meditar en su mensaje, debemos preguntarnos como estamos viviendo nuestras vidas, si \u00bfen vanidad o prop\u00f3sito?","og:url":"https:\/\/luzenlapalabra.org\/?p=1272","og:image":"https:\/\/luzenlapalabra.org\/wp-content\/uploads\/2023\/05\/LOGO1-e1684173947646.png","og:image:secure_url":"https:\/\/luzenlapalabra.org\/wp-content\/uploads\/2023\/05\/LOGO1-e1684173947646.png","og:image:width":200,"og:image:height":200,"article:published_time":"2015-05-20T14:15:26+00:00","article:modified_time":"2015-05-20T14:15:26+00:00","twitter:card":"summary_large_image","twitter:site":"@LuzenlaPalabra7","twitter:title":"VANIDAD O PROP\u00d3SITO (PODCAST) - Luz en la Palabra","twitter:description":"En la Biblia encontramos un libro llamado Eclesiast\u00e9s, el cual tiene como tema principal la vanidad de todo lo que se hace debajo del sol sin tener una relaci\u00f3n con Dios. Al meditar en su mensaje, debemos preguntarnos como estamos viviendo nuestras vidas, si \u00bfen vanidad o prop\u00f3sito?","twitter:creator":"@LuzenlaPalabra7","twitter:image":"https:\/\/luzenlapalabra.org\/wp-content\/uploads\/2023\/05\/cropped-luz-en-la-palabra20-e1683215748828.png"},"aioseo_meta_data":{"post_id":"1272","title":null,"description":null,"keywords":null,"keyphrases":{"focus":[],"additional":[]},"primary_term":null,"canonical_url":null,"og_title":null,"og_description":null,"og_object_type":"default","og_image_type":"default","og_image_url":null,"og_image_width":null,"og_image_height":null,"og_image_custom_url":null,"og_image_custom_fields":null,"og_video":null,"og_custom_url":null,"og_article_section":null,"og_article_tags":null,"twitter_use_og":false,"twitter_card":"default","twitter_image_type":"default","twitter_image_url":null,"twitter_image_custom_url":null,"twitter_image_custom_fields":null,"twitter_title":null,"twitter_description":null,"schema":{"blockGraphs":[],"customGraphs":[],"default":{"data":{"Article":[],"Course":[],"Dataset":[],"FAQPage":[],"Movie":[],"Person":[],"Product":[],"ProductReview":[],"Car":[],"Recipe":[],"Service":[],"SoftwareApplication":[],"WebPage":[]},"graphName":"","isEnabled":true},"graphs":[]},"schema_type":"default","schema_type_options":null,"pillar_content":false,"robots_default":true,"robots_noindex":false,"robots_noarchive":false,"robots_nosnippet":false,"robots_nofollow":false,"robots_noimageindex":false,"robots_noodp":false,"robots_notranslate":false,"robots_max_snippet":null,"robots_max_videopreview":null,"robots_max_imagepreview":"large","priority":null,"frequency":null,"local_seo":null,"breadcrumb_settings":null,"limit_modified_date":false,"ai":null,"created":"2023-05-04 19:55:56","updated":"2026-08-24 15:12:03","focus_keyword":null,"additional_keywords":null,"truseo_locale":null,"seo_analyzer_scan_date":null},"aioseo_breadcrumb":"<div class=\"aioseo-breadcrumbs\"><span class=\"aioseo-breadcrumb\">\n\t\t\t<a href=\"https:\/\/luzenlapalabra.org\" title=\"Home\">Home<\/a>\n\t\t<\/span><span class=\"aioseo-breadcrumb-separator\">&raquo;<\/span><span class=\"aioseo-breadcrumb\">\n\t\t\t<a href=\"https:\/\/luzenlapalabra.org\/?cat=8\" title=\"Podcast\">Podcast<\/a>\n\t\t<\/span><span class=\"aioseo-breadcrumb-separator\">&raquo;<\/span><span class=\"aioseo-breadcrumb\">\n\t\t\tVANIDAD O PROP\u00d3SITO (PODCAST)\n\t\t<\/span><\/div>","aioseo_breadcrumb_json":[{"label":"Home","link":"https:\/\/luzenlapalabra.org"},{"label":"Podcast","link":"https:\/\/luzenlapalabra.org\/?cat=8"},{"label":"VANIDAD O PROP\u00d3SITO (PODCAST)","link":"https:\/\/luzenlapalabra.org\/?p=1272"}],"jetpack_sharing_enabled":true,"jetpack_featured_media_url":"","_links":{"self":[{"href":"https:\/\/luzenlapalabra.org\/index.php?rest_route=\/wp\/v2\/posts\/1272","targetHints":{"allow":["GET"]}}],"collection":[{"href":"https:\/\/luzenlapalabra.org\/index.php?rest_route=\/wp\/v2\/posts"}],"about":[{"href":"https:\/\/luzenlapalabra.org\/index.php?rest_route=\/wp\/v2\/types\/post"}],"author":[{"embeddable":true,"href":"https:\/\/luzenlapalabra.org\/index.php?rest_route=\/wp\/v2\/users\/1"}],"replies":[{"embeddable":true,"href":"https:\/\/luzenlapalabra.org\/index.php?rest_route=%2Fwp%2Fv2%2Fcomments&post=1272"}],"version-history":[{"count":0,"href":"https:\/\/luzenlapalabra.org\/index.php?rest_route=\/wp\/v2\/posts\/1272\/revisions"}],"wp:attachment":[{"href":"https:\/\/luzenlapalabra.org\/index.php?rest_route=%2Fwp%2Fv2%2Fmedia&parent=1272"}],"wp:term":[{"taxonomy":"category","embeddable":true,"href":"https:\/\/luzenlapalabra.org\/index.php?rest_route=%2Fwp%2Fv2%2Fcategories&post=1272"},{"taxonomy":"post_tag","embeddable":true,"href":"https:\/\/luzenlapalabra.org\/index.php?rest_route=%2Fwp%2Fv2%2Ftags&post=1272"}],"curies":[{"name":"wp","href":"https:\/\/api.w.org\/{rel}","templated":true}]}}